{"id":3929,"date":"2026-08-31T09:49:13","date_gmt":"2026-08-31T12:49:13","guid":{"rendered":"https:\/\/www.villagramas.com.br\/blog\/?p=3929"},"modified":"2026-08-31T09:49:26","modified_gmt":"2026-08-31T12:49:26","slug":"jardim-vertical-como-funciona-a-montagem-profissional-da-villa-gramas","status":"publish","type":"post","link":"https:\/\/www.villagramas.com.br\/blog\/jardim-vertical-como-funciona-a-montagem-profissional-da-villa-gramas\/","title":{"rendered":"Jardim vertical: como funciona a montagem profissional da Villa Gramas?"},"content":{"rendered":"<span class=\"span-reading-time rt-reading-time\" style=\"display: block;\"><span class=\"rt-label rt-prefix\">Tempo de leitura:<\/span> <span class=\"rt-time\"> 6<\/span> <span class=\"rt-label rt-postfix\">minutos<\/span><\/span>\n<p class=\"has-medium-font-size wp-block-paragraph\"><strong><em>Veja como funciona a montagem de jardim vertical, quais cuidados o projeto exige e como a Villa Gramas desenvolve solu\u00e7\u00f5es profissionais e personalizadas<\/em><\/strong><\/p>\n\n\n\n<p class=\"wp-block-paragraph\">O <strong><a href=\"https:\/\/www.villagramas.com.br\/montagem-jardim-vertical\">jardim vertical<\/a><\/strong> \u00e9 uma solu\u00e7\u00e3o de <strong>paisagismo<\/strong> capaz de transformar <strong>paredes, muros e outras superf\u00edcies em \u00e1reas verdes integradas \u00e0 arquitetura.<\/strong> Al\u00e9m do impacto visual, permite aproveitar espa\u00e7os que normalmente ficariam sem utiliza\u00e7\u00e3o no projeto paisag\u00edstico.<\/p>\n\n\n\n<p class=\"wp-block-paragraph\">Para que o resultado seja <strong>duradouro<\/strong>, por\u00e9m, <strong>n\u00e3o basta escolher plantas e posicion\u00e1-las<\/strong> sobre uma parede. <strong>A montagem de jardim vertical envolve planejamento t\u00e9cnico<\/strong>, <strong>escolha adequada da estrutura, an\u00e1lise das condi\u00e7\u00f5es do ambiente, defini\u00e7\u00e3o das esp\u00e9cies e desenvolvimento de um sistema de irriga\u00e7\u00e3o<\/strong> compat\u00edvel com o projeto.<\/p>\n\n\n\n<p class=\"wp-block-paragraph\">\u00c9 justamente nesse ponto que a <strong>execu\u00e7\u00e3o especializada faz diferen\u00e7a.<\/strong> A <strong>Villa Gramas e Brinquedos<\/strong> trabalha com projetos planejados para integrar <strong>est\u00e9tica, seguran\u00e7a, funcionalidade e manuten\u00e7\u00e3o,<\/strong> considerando as particularidades de cada espa\u00e7o antes de iniciar a instala\u00e7\u00e3o.<\/p>\n\n\n\n<p class=\"wp-block-paragraph\"><a href=\"https:\/\/www.villagramas.com.br\/blog\/campo-de-futebol-sintetico\/\">Or\u00e7amento de campo de futebol sint\u00e9tico: o que incluir?<\/a><\/p>\n\n\n\n<div id=\"ez-toc-container\" class=\"ez-toc-v2_0_76 counter-hierarchy ez-toc-counter ez-toc-grey ez-toc-container-direction\">\n<div class=\"ez-toc-title-container\">\n<p class=\"ez-toc-title\" style=\"cursor:inherit\">O que abordaremos neste artigo:<\/p>\n<span class=\"ez-toc-title-toggle\"><a href=\"#\" class=\"ez-toc-pull-right ez-toc-btn ez-toc-btn-xs ez-toc-btn-default ez-toc-toggle\" aria-label=\"Alternar tabela de conte\u00fado\"><span class=\"ez-toc-js-icon-con\"><span class=\"\"><span class=\"eztoc-hide\" style=\"display:none;\">Toggle<\/span><span class=\"ez-toc-icon-toggle-span\"><svg style=\"fill: #999;color:#999\" xmlns=\"http:\/\/www.w3.org\/2000\/svg\" class=\"list-377408\" width=\"20px\" height=\"20px\" viewBox=\"0 0 24 24\" fill=\"none\"><path d=\"M6 6H4v2h2V6zm14 0H8v2h12V6zM4 11h2v2H4v-2zm16 0H8v2h12v-2zM4 16h2v2H4v-2zm16 0H8v2h12v-2z\" fill=\"currentColor\"><\/path><\/svg><svg style=\"fill: #999;color:#999\" class=\"arrow-unsorted-368013\" xmlns=\"http:\/\/www.w3.org\/2000\/svg\" width=\"10px\" height=\"10px\" viewBox=\"0 0 24 24\" version=\"1.2\" baseProfile=\"tiny\"><path d=\"M18.2 9.3l-6.2-6.3-6.2 6.3c-.2.2-.3.4-.3.7s.1.5.3.7c.2.2.4.3.7.3h11c.3 0 .5-.1.7-.3.2-.2.3-.5.3-.7s-.1-.5-.3-.7zM5.8 14.7l6.2 6.3 6.2-6.3c.2-.2.3-.5.3-.7s-.1-.5-.3-.7c-.2-.2-.4-.3-.7-.3h-11c-.3 0-.5.1-.7.3-.2.2-.3.5-.3.7s.1.5.3.7z\"\/><\/svg><\/span><\/span><\/span><\/a><\/span><\/div>\n<nav><ul class='ez-toc-list ez-toc-list-level-1 ' ><li class='ez-toc-page-1 ez-toc-heading-level-2'><a class=\"ez-toc-link ez-toc-heading-1\" href=\"https:\/\/www.villagramas.com.br\/blog\/jardim-vertical-como-funciona-a-montagem-profissional-da-villa-gramas\/#O_que_precisa_ser_avaliado_antes_da_montagem\" >O que precisa ser avaliado antes da montagem?<\/a><\/li><li class='ez-toc-page-1 ez-toc-heading-level-2'><a class=\"ez-toc-link ez-toc-heading-2\" href=\"https:\/\/www.villagramas.com.br\/blog\/jardim-vertical-como-funciona-a-montagem-profissional-da-villa-gramas\/#Como_funciona_a_montagem_profissional_de_jardim_vertical\" >Como funciona a montagem profissional de jardim vertical?<\/a><\/li><li class='ez-toc-page-1 ez-toc-heading-level-2'><a class=\"ez-toc-link ez-toc-heading-3\" href=\"https:\/\/www.villagramas.com.br\/blog\/jardim-vertical-como-funciona-a-montagem-profissional-da-villa-gramas\/#Onde_o_jardim_vertical_pode_ser_instalado\" >Onde o jardim vertical pode ser instalado?<\/a><\/li><li class='ez-toc-page-1 ez-toc-heading-level-2'><a class=\"ez-toc-link ez-toc-heading-4\" href=\"https:\/\/www.villagramas.com.br\/blog\/jardim-vertical-como-funciona-a-montagem-profissional-da-villa-gramas\/#Quais_cuidados_o_jardim_vertical_exige_depois_de_instalado\" >Quais cuidados o jardim vertical exige depois de instalado?<\/a><\/li><li class='ez-toc-page-1 ez-toc-heading-level-2'><a class=\"ez-toc-link ez-toc-heading-5\" href=\"https:\/\/www.villagramas.com.br\/blog\/jardim-vertical-como-funciona-a-montagem-profissional-da-villa-gramas\/#Quais_sao_as_vantagens_de_uma_instalacao_profissional\" >Quais s\u00e3o as vantagens de uma instala\u00e7\u00e3o profissional?<\/a><\/li><li class='ez-toc-page-1 ez-toc-heading-level-2'><a class=\"ez-toc-link ez-toc-heading-6\" href=\"https:\/\/www.villagramas.com.br\/blog\/jardim-vertical-como-funciona-a-montagem-profissional-da-villa-gramas\/#Por_que_contratar_a_Villa_Gramas_para_montar_seu_jardim_vertical\" >Por que contratar a Villa Gramas para montar seu jardim vertical?<\/a><\/li><\/ul><\/nav><\/div>\n<h2 class=\"wp-block-heading\"><span class=\"ez-toc-section\" id=\"O_que_precisa_ser_avaliado_antes_da_montagem\"><\/span><strong>O que precisa ser avaliado antes da montagem?<\/strong><span class=\"ez-toc-section-end\"><\/span><\/h2>\n\n\n\n<p class=\"wp-block-paragraph\">Antes da <strong>instala\u00e7\u00e3o de jardim vertical<\/strong>, \u00e9 necess\u00e1rio conhecer as <strong>condi\u00e7\u00f5es reais do local.<\/strong> Uma <strong>parede<\/strong> visualmente adequada pode apresentar <strong>caracter\u00edsticas estruturais, ambientais ou hidr\u00e1ulicas<\/strong> que precisam ser consideradas antes da <strong>fixa\u00e7\u00e3o dos m\u00f3dulos e da vegeta\u00e7\u00e3o.<\/strong><\/p>\n\n\n\n<p class=\"wp-block-paragraph\">Entre os principais pontos avaliados est\u00e3o:<\/p>\n\n\n\n<ul class=\"wp-block-list\">\n<li><strong>Condi\u00e7\u00e3o e resist\u00eancia da superf\u00edcie:<\/strong> a parede ou estrutura precisa apresentar condi\u00e7\u00f5es compat\u00edveis com o peso e o sistema de fixa\u00e7\u00e3o escolhido.<\/li>\n\n\n\n<li><strong>Incid\u00eancia de luz:<\/strong> quantidade e per\u00edodo de exposi\u00e7\u00e3o solar influenciam diretamente na sele\u00e7\u00e3o das esp\u00e9cies.<\/li>\n\n\n\n<li><strong>Ventila\u00e7\u00e3o:<\/strong> ambientes muito fechados ou com circula\u00e7\u00e3o limitada de ar exigem aten\u00e7\u00e3o especial.<\/li>\n\n\n\n<li><strong>Drenagem:<\/strong> a \u00e1gua utilizada na irriga\u00e7\u00e3o precisa ser corretamente direcionada.<\/li>\n\n\n\n<li><strong>Pontos de \u00e1gua e infraestrutura dispon\u00edvel:<\/strong> facilitam a defini\u00e7\u00e3o do sistema de irriga\u00e7\u00e3o.<\/li>\n\n\n\n<li><strong>Dimens\u00f5es e formato:<\/strong> altura, largura e configura\u00e7\u00e3o da parede interferem na escolha da estrutura e na composi\u00e7\u00e3o visual.<\/li>\n<\/ul>\n\n\n\n<p class=\"wp-block-paragraph\"><strong>A drenagem merece aten\u00e7\u00e3o especial<\/strong>, pois o <strong>excesso de \u00e1gua acumulada<\/strong> em locais inadequados pode prejudicar o funcionamento do sistema e gerar problemas no entorno. Tamb\u00e9m \u00e9 preciso avaliar como a <strong>estrutura para jardim vertical<\/strong> ser\u00e1 fixada, a <strong>distribui\u00e7\u00e3o do peso deve ocorrer de maneira segura,<\/strong> respeitando as caracter\u00edsticas da superf\u00edcie.<\/p>\n\n\n\n<p class=\"wp-block-paragraph\"><strong>Essa an\u00e1lise pr\u00e9via possibilita definir materiais, m\u00e9todo de instala\u00e7\u00e3o e configura\u00e7\u00e3o do jardim antes do in\u00edcio da execu\u00e7\u00e3o.<\/strong> Al\u00e9m dos aspectos t\u00e9cnicos, o projeto deve considerar a <strong>proposta est\u00e9tica do ambiente.<\/strong><\/p>\n\n\n\n<p class=\"wp-block-paragraph\">Uma \u00e1rea residencial pode exigir uma <strong>composi\u00e7\u00e3o diferente<\/strong> daquela utilizada em uma empresa, condom\u00ednio ou estabelecimento comercial. <strong>O desenho do jardim precisa conversar com a arquitetura existente e com a finalidade daquele espa\u00e7o.<\/strong><\/p>\n\n\n\n<h2 class=\"wp-block-heading\"><span class=\"ez-toc-section\" id=\"Como_funciona_a_montagem_profissional_de_jardim_vertical\"><\/span><strong>Como funciona a montagem profissional de jardim vertical?<\/strong><span class=\"ez-toc-section-end\"><\/span><\/h2>\n\n\n\n<p class=\"wp-block-paragraph\">A <strong>montagem de jardim vertical<\/strong> come\u00e7a muito antes da coloca\u00e7\u00e3o das plantas. Depois da <strong>avalia\u00e7\u00e3o do local,<\/strong> \u00e9 poss\u00edvel definir a <strong>configura\u00e7\u00e3o mais adequada para o projeto. Dimens\u00f5es, estrutura, sistema de base, vegeta\u00e7\u00e3o, irriga\u00e7\u00e3o e acabamento precisam funcionar como partes de uma mesma solu\u00e7\u00e3o.<\/strong><\/p>\n\n\n\n<p class=\"wp-block-paragraph\">De modo geral, a execu\u00e7\u00e3o profissional passa pelas seguintes etapas:<\/p>\n\n\n\n<ol class=\"wp-block-list\">\n<li><strong>Avalia\u00e7\u00e3o t\u00e9cnica do ambiente<\/strong><\/li>\n<\/ol>\n\n\n\n<p class=\"wp-block-paragraph\">S\u00e3o verificadas as condi\u00e7\u00f5es da <strong>superf\u00edcie, ilumina\u00e7\u00e3o, ventila\u00e7\u00e3o, disponibilidade de \u00e1gua, drenagem e particularidades do espa\u00e7o.<\/strong><\/p>\n\n\n\n<ol start=\"2\" class=\"wp-block-list\">\n<li><strong>Defini\u00e7\u00e3o da estrutura<\/strong><\/li>\n<\/ol>\n\n\n\n<p class=\"wp-block-paragraph\">A estrutura pode ser <strong>met\u00e1lica, modular ou personalizada<\/strong> conforme a necessidade do projeto. O objetivo \u00e9 criar uma <strong>base est\u00e1vel e compat\u00edvel com o peso<\/strong> dos componentes e das plantas.<\/p>\n\n\n\n<ol start=\"3\" class=\"wp-block-list\">\n<li><strong>Planejamento da composi\u00e7\u00e3o vegetal<\/strong><\/li>\n<\/ol>\n\n\n\n<p class=\"wp-block-paragraph\">As esp\u00e9cies s\u00e3o escolhidas considerando caracter\u00edsticas como <strong>incid\u00eancia solar, ambiente interno ou externo, est\u00e9tica pretendida e condi\u00e7\u00f5es dispon\u00edveis<\/strong> para manuten\u00e7\u00e3o.<\/p>\n\n\n\n<ol start=\"4\" class=\"wp-block-list\">\n<li><strong>Planejamento da irriga\u00e7\u00e3o<\/strong><\/li>\n<\/ol>\n\n\n\n<p class=\"wp-block-paragraph\">A <strong>irriga\u00e7\u00e3o para jardim vertical<\/strong> precisa <strong>distribuir \u00e1gua de maneira adequada<\/strong> entre as diferentes \u00e1reas do painel. Dependendo do projeto, o sistema pode ser dimensionado para facilitar a rotina de manuten\u00e7\u00e3o.<\/p>\n\n\n\n<ol start=\"5\" class=\"wp-block-list\">\n<li><strong>Montagem e posicionamento das esp\u00e9cies<\/strong><\/li>\n<\/ol>\n\n\n\n<p class=\"wp-block-paragraph\">Depois da <strong>infraestrutura preparada,<\/strong> os elementos s\u00e3o <strong>instalados e as plantas<\/strong> posicionadas conforme a composi\u00e7\u00e3o definida.<\/p>\n\n\n\n<ol start=\"6\" class=\"wp-block-list\">\n<li><strong>Acabamentos e verifica\u00e7\u00e3o do sistema<\/strong><\/li>\n<\/ol>\n\n\n\n<p class=\"wp-block-paragraph\">Ao final, s\u00e3o avaliados <strong>fixa\u00e7\u00e3o, funcionamento da irriga\u00e7\u00e3o, drenagem, posicionamento das esp\u00e9cies e acabamento visual.<\/strong><\/p>\n\n\n\n<p class=\"wp-block-paragraph\">Esse processo ajuda a <strong>reduzir improvisa\u00e7\u00f5es<\/strong> durante a execu\u00e7\u00e3o e permite que decis\u00f5es importantes sejam tomadas <strong>antes da instala\u00e7\u00e3o definitiva.<\/strong><\/p>\n\n\n\n<p class=\"wp-block-paragraph\"><strong>A diferen\u00e7a entre simplesmente preencher uma parede com plantas e desenvolver um jardim vertical profissional est\u00e1 justamente no planejamento do conjunto.<\/strong> Materiais, esp\u00e9cies e sistemas precisam ser compat\u00edveis entre si. <strong>Caso contr\u00e1rio, a manuten\u00e7\u00e3o pode se tornar mais complexa e o projeto pode exigir ajustes constantes.<\/strong><\/p>\n\n\n\n<p class=\"wp-block-paragraph\"><a href=\"https:\/\/www.villagramas.com.br\/blog\/playground-infantil-como-montar-uma-area-segura-e-funcional\/\">Playground infantil: como montar uma \u00e1rea segura e funcional?<\/a><\/p>\n\n\n\n<h2 class=\"wp-block-heading\"><span class=\"ez-toc-section\" id=\"Onde_o_jardim_vertical_pode_ser_instalado\"><\/span><strong>Onde o jardim vertical pode ser instalado?<\/strong><span class=\"ez-toc-section-end\"><\/span><\/h2>\n\n\n\n<p class=\"wp-block-paragraph\">O <strong>jardim vertical na parede<\/strong> pode ser adaptado a diferentes <strong>dimens\u00f5es e contextos<\/strong> arquitet\u00f4nicos, desde que o ambiente apresenta <strong>condi\u00e7\u00f5es adequadas para a vegeta\u00e7\u00e3o escolhida.<\/strong><\/p>\n\n\n\n<p class=\"wp-block-paragraph\">Em <strong>resid\u00eancias,<\/strong> \u00e9 poss\u00edvel utiliz\u00e1-lo em muros de <strong>quintais, \u00e1reas gourmet, corredores externos, \u00e1reas de conviv\u00eancia e outros espa\u00e7os<\/strong> que possam receber vegeta\u00e7\u00e3o.<\/p>\n\n\n\n<p class=\"wp-block-paragraph\">O <strong>jardim vertical externo<\/strong> tamb\u00e9m pode ser incorporado a <strong>condom\u00ednios, \u00e1reas comuns e estabelecimentos comerciais.<\/strong> Nesses projetos, o painel verde pode contribuir para criar uma <strong>identidade visual diferenciada e tornar o espa\u00e7o mais agrad\u00e1vel<\/strong> para moradores, visitantes ou clientes.<\/p>\n\n\n\n<p class=\"wp-block-paragraph\">J\u00e1 em <strong>ambientes internos,<\/strong> <strong>ilumina\u00e7\u00e3o e ventila\u00e7\u00e3o<\/strong> precisam receber aten\u00e7\u00e3o especial. Dependendo da incid\u00eancia de luz dispon\u00edvel, <strong>determinadas esp\u00e9cies podem n\u00e3o ser adequadas.<\/strong><\/p>\n\n\n\n<p class=\"wp-block-paragraph\">Por isso, a escolha n\u00e3o deve ser feita somente com base na apar\u00eancia da planta.<\/p>\n\n\n\n<p class=\"wp-block-paragraph\">Entre as possibilidades de aplica\u00e7\u00e3o est\u00e3o:<\/p>\n\n\n\n<ul class=\"wp-block-list\">\n<li><strong>muros residenciais;<\/strong><\/li>\n\n\n\n<li><strong>quintais e \u00e1reas de lazer;<\/strong><\/li>\n\n\n\n<li><strong>condom\u00ednios;<\/strong><\/li>\n\n\n\n<li><strong>\u00e1reas comerciais;<\/strong><\/li>\n\n\n\n<li><strong>recep\u00e7\u00f5es e ambientes corporativos;<\/strong><\/li>\n\n\n\n<li><strong>restaurantes e espa\u00e7os de conviv\u00eancia;<\/strong><\/li>\n\n\n\n<li><strong>paredes internas com condi\u00e7\u00f5es adequadas;<\/strong><\/li>\n\n\n\n<li><strong>fachadas e \u00e1reas externas previamente avaliadas.<\/strong><\/li>\n<\/ul>\n\n\n\n<p class=\"wp-block-paragraph\"><strong>A possibilidade de personaliza\u00e7\u00e3o<\/strong> torna o jardim vertical interessante inclusive para locais com <strong>pouco espa\u00e7o dispon\u00edvel no piso.<\/strong> Ao utilizar <strong>superf\u00edcies verticais,<\/strong> <strong>o paisagismo<\/strong> ganha uma nova \u00e1rea de composi\u00e7\u00e3o sem necessariamente ocupar <strong>regi\u00f5es destinadas \u00e0 circula\u00e7\u00e3o ou ao mobili\u00e1rio.<\/strong><\/p>\n\n\n\n<h2 class=\"wp-block-heading\"><span class=\"ez-toc-section\" id=\"Quais_cuidados_o_jardim_vertical_exige_depois_de_instalado\"><\/span><strong>Quais cuidados o jardim vertical exige depois de instalado?<\/strong><span class=\"ez-toc-section-end\"><\/span><\/h2>\n\n\n\n<p class=\"wp-block-paragraph\"><strong>Mesmo um projeto bem executado precisa de acompanhamento.<\/strong> A <strong>manuten\u00e7\u00e3o de jardim vertical<\/strong> est\u00e1 diretamente relacionada \u00e0s <strong>caracter\u00edsticas das esp\u00e9cies escolhidas,<\/strong> ao <strong>tamanho do painel, \u00e0s condi\u00e7\u00f5es ambientais e ao sistema de irriga\u00e7\u00e3o instalado.<\/strong><\/p>\n\n\n\n<p class=\"wp-block-paragraph\">Um dos primeiros pontos \u00e9 <strong>verificar periodicamente se a irriga\u00e7\u00e3o est\u00e1 funcionando corretamente.<\/strong> Falhas na <strong>distribui\u00e7\u00e3o de \u00e1gua<\/strong> podem fazer com que determinadas <strong>regi\u00f5es do jardim recebam mais ou menos \u00e1gua do que outras.<\/strong><\/p>\n\n\n\n<p class=\"wp-block-paragraph\"><strong>A poda tamb\u00e9m faz parte da rotina<\/strong>, algumas esp\u00e9cies <strong>crescem com maior velocidade<\/strong> e podem alterar o desenho originalmente previsto para a composi\u00e7\u00e3o. <strong>Podas de conten\u00e7\u00e3o<\/strong> ajudam a preservar o formato do projeto e <strong>retirar folhas ou partes vegetais<\/strong> que j\u00e1 n\u00e3o apresentam boas condi\u00e7\u00f5es.<\/p>\n\n\n\n<p class=\"wp-block-paragraph\">Tamb\u00e9m pode ser necess\u00e1rio <strong>substituir plantas ao longo do tempo<\/strong>, <strong>mudan\u00e7as ambientais, desenvolvimento irregular ou adapta\u00e7\u00e3o insuficiente<\/strong> podem fazer com que determinadas esp\u00e9cies precisem ser trocadas.<\/p>\n\n\n\n<p class=\"wp-block-paragraph\">Outro cuidado envolve a observa\u00e7\u00e3o da <strong>estrutura e da drenagem,<\/strong> identificar altera\u00e7\u00f5es logo no in\u00edcio facilitam <strong>ajustes e reduz a possibilidade de interven\u00e7\u00f5es maiores.<\/strong><\/p>\n\n\n\n<p class=\"wp-block-paragraph\"><strong>A frequ\u00eancia de manuten\u00e7\u00e3o n\u00e3o \u00e9 igual para todos os projetos<\/strong>, um <strong>jardim vertical externo<\/strong>, por exemplo, <strong>est\u00e1 exposto a condi\u00e7\u00f5es diferentes de um painel instalado em ambiente interno.<\/strong><\/p>\n\n\n\n<p class=\"wp-block-paragraph\"><strong>O planejamento adequado desde a montagem tende a tornar os cuidados posteriores mais organizados e previs\u00edveis.<\/strong><\/p>\n\n\n\n<h2 class=\"wp-block-heading\"><span class=\"ez-toc-section\" id=\"Quais_sao_as_vantagens_de_uma_instalacao_profissional\"><\/span><strong>Quais s\u00e3o as vantagens de uma instala\u00e7\u00e3o profissional?<\/strong><span class=\"ez-toc-section-end\"><\/span><\/h2>\n\n\n\n<p class=\"wp-block-paragraph\">O principal benef\u00edcio est\u00e1 no <strong>desenvolvimento de um projeto<\/strong> que considere previamente <strong>fatores que poderiam gerar problemas depois da instala\u00e7\u00e3o.<\/strong> A an\u00e1lise t\u00e9cnica ajuda a <strong>definir a melhor configura\u00e7\u00e3o para a superf\u00edcie dispon\u00edvel,<\/strong> evitando decis\u00f5es baseadas apenas na apar\u00eancia.<\/p>\n\n\n\n<p class=\"wp-block-paragraph\">Um outro ponto importante \u00e9 a integra\u00e7\u00e3o entre <strong>estrutura, vegeta\u00e7\u00e3o e irriga\u00e7\u00e3o.<\/strong> <strong>Esses tr\u00eas elementos precisam funcionar em conjunto para facilitar a conserva\u00e7\u00e3o do jardim ao longo do tempo.<\/strong><\/p>\n\n\n\n<p class=\"wp-block-paragraph\">A instala\u00e7\u00e3o personalizada tamb\u00e9m permite <strong>adaptar o painel \u00e0s caracter\u00edsticas arquitet\u00f4nicas do local.<\/strong> Em vez de trabalhar com uma <strong>solu\u00e7\u00e3o padronizada para qualquer ambiente,<\/strong> \u00e9 poss\u00edvel considerar <strong>medidas, estilo, ilumina\u00e7\u00e3o, formato da parede e finalidade do projeto.<\/strong><\/p>\n\n\n\n<p class=\"wp-block-paragraph\">O <strong>jardim vertical<\/strong> ainda pode contribuir para a <strong>valoriza\u00e7\u00e3o est\u00e9tica dos espa\u00e7os.<\/strong> A vegeta\u00e7\u00e3o <strong>cria textura, movimento e profundidade,<\/strong> sendo utilizada tanto como elemento principal da <strong>decora\u00e7\u00e3o<\/strong> quanto como complemento de outros materiais.<\/p>\n\n\n\n<p class=\"wp-block-paragraph\">Em determinadas condi\u00e7\u00f5es, <strong>a presen\u00e7a de vegeta\u00e7\u00e3o tamb\u00e9m pode contribuir para o conforto do ambiente.<\/strong> Os resultados, entretanto, <strong>dependem das caracter\u00edsticas de cada projeto, das esp\u00e9cies utilizadas e do local de instala\u00e7\u00e3o.<\/strong><\/p>\n\n\n\n<p class=\"wp-block-paragraph\">Para <strong>arquitetos, designers, condom\u00ednios e empresas,<\/strong> a execu\u00e7\u00e3o especializada oferece ainda <strong>maior previsibilidade durante a implanta\u00e7\u00e3o,<\/strong> pois estrutura e materiais s\u00e3o definidos previamente.<\/p>\n\n\n\n<p class=\"wp-block-paragraph\">Assim, <strong>a montagem profissional busca equilibrar est\u00e9tica, seguran\u00e7a da instala\u00e7\u00e3o, funcionalidade e facilidade de manuten\u00e7\u00e3o<\/strong>.<\/p>\n\n\n\n<p class=\"wp-block-paragraph\"><a href=\"https:\/\/www.villagramas.com.br\/blog\/jardim-com-grama-sintetica-e-pedras-sob-medida\/\">Jardim com grama sint\u00e9tica e pedras sob medida<\/a><\/p>\n\n\n\n<h2 class=\"wp-block-heading\"><span class=\"ez-toc-section\" id=\"Por_que_contratar_a_Villa_Gramas_para_montar_seu_jardim_vertical\"><\/span><strong>Por que contratar a Villa Gramas para montar seu jardim vertical?<\/strong><span class=\"ez-toc-section-end\"><\/span><\/h2>\n\n\n\n<p class=\"wp-block-paragraph\">A <strong>Villa Gramas e Brinquedos<\/strong> atua com solu\u00e7\u00f5es voltadas \u00e0 <strong>transforma\u00e7\u00e3o de ambientes, desenvolvendo projetos que combinam planejamento, funcionalidade e est\u00e9tica.<\/strong> Na <strong>montagem de jardim vertical<\/strong>, o trabalho come\u00e7a pela <strong>compreens\u00e3o do espa\u00e7o e das necessidades do cliente.<\/strong><\/p>\n\n\n\n<p class=\"wp-block-paragraph\">Cada parede apresenta <strong>caracter\u00edsticas pr\u00f3prias<\/strong>. <strong>Dimens\u00f5es, ilumina\u00e7\u00e3o, exposi\u00e7\u00e3o ao clima, condi\u00e7\u00f5es estruturais e finalidade do ambiente<\/strong> influenciam diretamente nas decis\u00f5es do projeto. Por isso, a <strong>Villa Gramas<\/strong> trabalha com uma <strong>proposta personalizada,<\/strong> considerando os elementos necess\u00e1rios para desenvolver um jardim compat\u00edvel com o local.<\/p>\n\n\n\n<p class=\"wp-block-paragraph\">A execu\u00e7\u00e3o envolve a <strong>defini\u00e7\u00e3o da estrutura, sele\u00e7\u00e3o dos materiais, planejamento da vegeta\u00e7\u00e3o e integra\u00e7\u00e3o da irriga\u00e7\u00e3o.<\/strong> Esse cuidado permite atender <strong>diferentes aplica\u00e7\u00f5es, desde resid\u00eancias at\u00e9 condom\u00ednios e estabelecimentos comerciais.<\/strong><\/p>\n\n\n\n<p class=\"wp-block-paragraph\">Se existe uma <strong>parede, muro ou espa\u00e7o vertical<\/strong> que pode ganhar uma <strong>nova fun\u00e7\u00e3o<\/strong>, <strong>entre em contato com a Villa Gramas, solicite uma proposta<\/strong> e encontre a solu\u00e7\u00e3o mais adequada para transformar o ambiente com vegeta\u00e7\u00e3o, funcionalidade e personalidade.<\/p>\n\n\n\n<p class=\"wp-block-paragraph\"><\/p>\n","protected":false},"excerpt":{"rendered":"<p><span class=\"span-reading-time rt-reading-time\" style=\"display: block;\"><span class=\"rt-label rt-prefix\">Tempo de leitura:<\/span> <span class=\"rt-time\"> 6<\/span> <span class=\"rt-label rt-postfix\">minutos<\/span><\/span>Veja como funciona a montagem de jardim vertical, quais cuidados o projeto exige e como a Villa Gramas desenvolve solu\u00e7\u00f5es profissionais e personalizadas O jardim vertical \u00e9 uma solu\u00e7\u00e3o de paisagismo capaz de transformar paredes, muros e outras superf\u00edcies em \u00e1reas verdes integradas \u00e0 arquitetura. Al\u00e9m do impacto visual, permite aproveitar espa\u00e7os que normalmente ficariam sem utiliza\u00e7\u00e3o no projeto paisag\u00edstico. Para que o resultado seja duradouro, por\u00e9m, n\u00e3o basta escolher plantas e posicion\u00e1-las sobre uma parede. A montagem de jardim vertical envolve planejamento t\u00e9cnico, escolha adequada da estrutura, an\u00e1lise das condi\u00e7\u00f5es do ambiente, defini\u00e7\u00e3o das esp\u00e9cies e desenvolvimento de um sistema de irriga\u00e7\u00e3o compat\u00edvel com o projeto. \u00c9 justamente nesse ponto que a execu\u00e7\u00e3o especializada faz diferen\u00e7a. A Villa Gramas e Brinquedos trabalha com projetos planejados para integrar est\u00e9tica, seguran\u00e7a, funcionalidade e manuten\u00e7\u00e3o, considerando as particularidades de cada espa\u00e7o antes de iniciar a instala\u00e7\u00e3o. Or\u00e7amento de campo de futebol sint\u00e9tico: o que incluir? O que precisa ser avaliado antes da montagem? Antes da instala\u00e7\u00e3o de jardim vertical, \u00e9 necess\u00e1rio conhecer as condi\u00e7\u00f5es reais do local. Uma parede visualmente adequada pode apresentar caracter\u00edsticas estruturais, ambientais ou hidr\u00e1ulicas que precisam ser consideradas antes da fixa\u00e7\u00e3o dos m\u00f3dulos e da vegeta\u00e7\u00e3o. Entre os principais pontos avaliados est\u00e3o: A drenagem merece aten\u00e7\u00e3o especial, pois o excesso de \u00e1gua acumulada em locais inadequados pode prejudicar o funcionamento do sistema e gerar problemas no entorno. Tamb\u00e9m \u00e9 preciso avaliar como a estrutura para jardim vertical ser\u00e1 fixada, a distribui\u00e7\u00e3o do peso deve ocorrer de maneira segura, respeitando as caracter\u00edsticas da superf\u00edcie. Essa an\u00e1lise pr\u00e9via possibilita definir materiais, m\u00e9todo de instala\u00e7\u00e3o e configura\u00e7\u00e3o do jardim antes do in\u00edcio da execu\u00e7\u00e3o. Al\u00e9m dos aspectos t\u00e9cnicos, o projeto deve considerar a proposta est\u00e9tica do ambiente. Uma \u00e1rea residencial pode exigir uma composi\u00e7\u00e3o diferente daquela utilizada em uma empresa, condom\u00ednio ou estabelecimento comercial. O desenho do jardim precisa conversar com a arquitetura existente e com a finalidade daquele espa\u00e7o. Como funciona a montagem profissional de jardim vertical? A montagem de jardim vertical come\u00e7a muito antes da coloca\u00e7\u00e3o das plantas. Depois da avalia\u00e7\u00e3o do local, \u00e9 poss\u00edvel definir a configura\u00e7\u00e3o mais adequada para o projeto. Dimens\u00f5es, estrutura, sistema de base, vegeta\u00e7\u00e3o, irriga\u00e7\u00e3o e acabamento precisam funcionar como partes de uma mesma solu\u00e7\u00e3o. De modo geral, a execu\u00e7\u00e3o profissional passa pelas seguintes etapas: S\u00e3o verificadas as condi\u00e7\u00f5es da superf\u00edcie, ilumina\u00e7\u00e3o, ventila\u00e7\u00e3o, disponibilidade de \u00e1gua, drenagem e particularidades do espa\u00e7o. A estrutura pode ser met\u00e1lica, modular ou personalizada conforme a necessidade do projeto. O objetivo \u00e9 criar uma base est\u00e1vel e compat\u00edvel com o peso dos componentes e das plantas. As esp\u00e9cies s\u00e3o escolhidas considerando caracter\u00edsticas como incid\u00eancia solar, ambiente interno ou externo, est\u00e9tica pretendida e condi\u00e7\u00f5es dispon\u00edveis para manuten\u00e7\u00e3o. A irriga\u00e7\u00e3o para jardim vertical precisa distribuir \u00e1gua de maneira adequada entre as diferentes \u00e1reas do painel. Dependendo do projeto, o sistema pode ser dimensionado para facilitar a rotina de manuten\u00e7\u00e3o. Depois da infraestrutura preparada, os elementos s\u00e3o instalados e as plantas posicionadas conforme a composi\u00e7\u00e3o definida. Ao final, s\u00e3o avaliados fixa\u00e7\u00e3o, funcionamento da irriga\u00e7\u00e3o, drenagem, posicionamento das esp\u00e9cies e acabamento visual. Esse processo ajuda a reduzir improvisa\u00e7\u00f5es durante a execu\u00e7\u00e3o e permite que decis\u00f5es importantes sejam tomadas antes da instala\u00e7\u00e3o definitiva. A diferen\u00e7a entre simplesmente preencher uma parede com plantas e desenvolver um jardim vertical profissional est\u00e1 justamente no planejamento do conjunto. Materiais, esp\u00e9cies e sistemas precisam ser compat\u00edveis entre si. Caso contr\u00e1rio, a manuten\u00e7\u00e3o pode se tornar mais complexa e o projeto pode exigir ajustes constantes. Playground infantil: como montar uma \u00e1rea segura e funcional? Onde o jardim vertical pode ser instalado? O jardim vertical na parede pode ser adaptado a diferentes dimens\u00f5es e contextos arquitet\u00f4nicos, desde que o ambiente apresenta condi\u00e7\u00f5es adequadas para a vegeta\u00e7\u00e3o escolhida. Em resid\u00eancias, \u00e9 poss\u00edvel utiliz\u00e1-lo em muros de quintais, \u00e1reas gourmet, corredores externos, \u00e1reas de conviv\u00eancia e outros espa\u00e7os que possam receber vegeta\u00e7\u00e3o. O jardim vertical externo tamb\u00e9m pode ser incorporado a condom\u00ednios, \u00e1reas comuns e estabelecimentos comerciais. Nesses projetos, o painel verde pode contribuir para criar uma identidade visual diferenciada e tornar o espa\u00e7o mais agrad\u00e1vel para moradores, visitantes ou clientes. J\u00e1 em ambientes internos, ilumina\u00e7\u00e3o e ventila\u00e7\u00e3o precisam receber aten\u00e7\u00e3o especial. Dependendo da incid\u00eancia de luz dispon\u00edvel, determinadas esp\u00e9cies podem n\u00e3o ser adequadas. Por isso, a escolha n\u00e3o deve ser feita somente com base na apar\u00eancia da planta. Entre as possibilidades de aplica\u00e7\u00e3o est\u00e3o: A possibilidade de personaliza\u00e7\u00e3o torna o jardim vertical interessante inclusive para locais com pouco espa\u00e7o dispon\u00edvel no piso. Ao utilizar superf\u00edcies verticais, o paisagismo ganha uma nova \u00e1rea de composi\u00e7\u00e3o sem necessariamente ocupar regi\u00f5es destinadas \u00e0 circula\u00e7\u00e3o ou ao mobili\u00e1rio. Quais cuidados o jardim vertical exige depois de instalado? Mesmo um projeto bem executado precisa de acompanhamento. A manuten\u00e7\u00e3o de jardim vertical est\u00e1 diretamente relacionada \u00e0s caracter\u00edsticas das esp\u00e9cies escolhidas, ao tamanho do painel, \u00e0s condi\u00e7\u00f5es ambientais e ao sistema de irriga\u00e7\u00e3o instalado. Um dos primeiros pontos \u00e9 verificar periodicamente se a irriga\u00e7\u00e3o est\u00e1 funcionando corretamente. Falhas na distribui\u00e7\u00e3o de \u00e1gua podem fazer com que determinadas regi\u00f5es do jardim recebam mais ou menos \u00e1gua do que outras. A poda tamb\u00e9m faz parte da rotina, algumas esp\u00e9cies crescem com maior velocidade e podem alterar o desenho originalmente previsto para a composi\u00e7\u00e3o. Podas de conten\u00e7\u00e3o ajudam a preservar o formato do projeto e retirar folhas ou partes vegetais que j\u00e1 n\u00e3o apresentam boas condi\u00e7\u00f5es. Tamb\u00e9m pode ser necess\u00e1rio substituir plantas ao longo do tempo, mudan\u00e7as ambientais, desenvolvimento irregular ou adapta\u00e7\u00e3o insuficiente podem fazer com que determinadas esp\u00e9cies precisem ser trocadas. Outro cuidado envolve a observa\u00e7\u00e3o da estrutura e da drenagem, identificar altera\u00e7\u00f5es logo no in\u00edcio facilitam ajustes e reduz a possibilidade de interven\u00e7\u00f5es maiores. A frequ\u00eancia de manuten\u00e7\u00e3o n\u00e3o \u00e9 igual para todos os projetos, um jardim vertical externo, por exemplo, est\u00e1 exposto a condi\u00e7\u00f5es diferentes de um painel instalado em ambiente interno. O planejamento adequado desde a montagem tende a tornar os cuidados posteriores mais organizados e previs\u00edveis. Quais s\u00e3o as vantagens de uma instala\u00e7\u00e3o profissional? O principal benef\u00edcio est\u00e1 no desenvolvimento de um projeto que considere previamente<\/p>\n","protected":false},"author":1,"featured_media":3930,"comment_status":"open","ping_status":"open","sticky":false,"template":"","format":"standard","meta":{"footnotes":""},"categories":[4531],"tags":[3451,4538,3176,4537,4532,4547,4544,4546,4534,4535,4536,4543,4533,4542,4540,3971,4539,4541,4545,2467],"class_list":["post-3929","post","type-post","status-publish","format-standard","has-post-thumbnail","hentry","category-jardim-vertical","tag-empresa-de-jardim-vertical","tag-estrutura-para-jardim-vertical","tag-instalacao-de-jardim-vertical","tag-irrigacao-para-jardim-vertical","tag-jardim-vertical","tag-jardim-vertical-com-plantas","tag-jardim-vertical-comercial","tag-jardim-vertical-em-muro","tag-jardim-vertical-externo","tag-jardim-vertical-na-parede","tag-jardim-vertical-para-area-externa","tag-jardim-vertical-para-condominio","tag-jardim-vertical-profissional","tag-jardim-vertical-residencial","tag-manutencao-de-jardim-vertical","tag-montagem-de-jardim-vertical","tag-paisagismo-vertical","tag-parede-verde","tag-projeto-de-jardim-vertical","tag-villa-gramas"],"yoast_head":"<!-- This site is optimized with the Yoast SEO plugin v26.0 - https:\/\/yoast.com\/wordpress\/plugins\/seo\/ -->\n<title>Jardim vertical: como funciona a montagem profissional da Villa Gramas? - Blog<\/title>\n<meta name=\"description\" content=\"Veja como funciona a montagem de jardim vertical, quais cuidados o projeto exige e como a Villa Gramas desenvolve solu\u00e7\u00f5es profissionais e personalizadas\" \/>\n<meta name=\"robots\" content=\"index, follow, max-snippet:-1, max-image-preview:large, max-video-preview:-1\" \/>\n<link rel=\"canonical\" href=\"https:\/\/www.villagramas.com.br\/blog\/jardim-vertical-como-funciona-a-montagem-profissional-da-villa-gramas\/\" \/>\n<meta property=\"og:locale\" content=\"pt_BR\" \/>\n<meta property=\"og:type\" content=\"article\" \/>\n<meta property=\"og:title\" content=\"Jardim vertical: como funciona a montagem profissional da Villa Gramas? - Blog\" \/>\n<meta property=\"og:description\" content=\"Veja como funciona a montagem de jardim vertical, quais cuidados o projeto exige e como a Villa Gramas desenvolve solu\u00e7\u00f5es profissionais e personalizadas\" \/>\n<meta property=\"og:url\" content=\"https:\/\/www.villagramas.com.br\/blog\/jardim-vertical-como-funciona-a-montagem-profissional-da-villa-gramas\/\" \/>\n<meta property=\"og:site_name\" content=\"Blog\" \/>\n<meta property=\"article:published_time\" content=\"2026-08-31T12:49:13+00:00\" \/>\n<meta property=\"article:modified_time\" content=\"2026-08-31T12:49:26+00:00\" \/>\n<meta property=\"og:image\" content=\"https:\/\/www.villagramas.com.br\/blog\/wp-content\/uploads\/2026\/08\/ChatGPT-Image-31-de-ago.-de-2026-09_41_36-1024x683.png\" \/>\n\t<meta property=\"og:image:width\" content=\"1024\" \/>\n\t<meta property=\"og:image:height\" content=\"683\" \/>\n\t<meta property=\"og:image:type\" content=\"image\/png\" \/>\n<meta name=\"author\" content=\"admin\" \/>\n<meta name=\"twitter:card\" content=\"summary_large_image\" \/>\n<meta name=\"twitter:label1\" content=\"Escrito por\" \/>\n\t<meta name=\"twitter:data1\" content=\"admin\" \/>\n\t<meta name=\"twitter:label2\" content=\"Est. tempo de leitura\" \/>\n\t<meta name=\"twitter:data2\" content=\"9 minutos\" \/>\n<script type=\"application\/ld+json\" class=\"yoast-schema-graph\">{\"@context\":\"https:\/\/schema.org\",\"@graph\":[{\"@type\":\"Article\",\"@id\":\"https:\/\/www.villagramas.com.br\/blog\/jardim-vertical-como-funciona-a-montagem-profissional-da-villa-gramas\/#article\",\"isPartOf\":{\"@id\":\"https:\/\/www.villagramas.com.br\/blog\/jardim-vertical-como-funciona-a-montagem-profissional-da-villa-gramas\/\"},\"author\":{\"name\":\"admin\",\"@id\":\"https:\/\/www.villagramas.com.br\/blog\/#\/schema\/person\/1c71c9cc2e4ef99657d780b38372997b\"},\"headline\":\"Jardim vertical: como funciona a montagem profissional da Villa Gramas?\",\"datePublished\":\"2026-08-31T12:49:13+00:00\",\"dateModified\":\"2026-08-31T12:49:26+00:00\",\"mainEntityOfPage\":{\"@id\":\"https:\/\/www.villagramas.com.br\/blog\/jardim-vertical-como-funciona-a-montagem-profissional-da-villa-gramas\/\"},\"wordCount\":1769,\"commentCount\":0,\"publisher\":{\"@id\":\"https:\/\/www.villagramas.com.br\/blog\/#organization\"},\"image\":{\"@id\":\"https:\/\/www.villagramas.com.br\/blog\/jardim-vertical-como-funciona-a-montagem-profissional-da-villa-gramas\/#primaryimage\"},\"thumbnailUrl\":\"https:\/\/www.villagramas.com.br\/blog\/wp-content\/uploads\/2026\/08\/ChatGPT-Image-31-de-ago.-de-2026-09_41_36.png\",\"keywords\":[\"empresa de jardim vertical\",\"estrutura para jardim vertical\",\"instala\u00e7\u00e3o de jardim vertical\",\"irriga\u00e7\u00e3o para jardim vertical\",\"jardim vertical\",\"jardim vertical com plantas\",\"jardim vertical comercial\",\"jardim vertical em muro\",\"jardim vertical externo\",\"jardim vertical na parede\",\"jardim vertical para \u00e1rea externa\",\"jardim vertical para condom\u00ednio\",\"jardim vertical profissional\",\"jardim vertical residencial\",\"manuten\u00e7\u00e3o de jardim vertical\",\"montagem de jardim vertical\",\"paisagismo vertical\",\"parede verde\",\"projeto de jardim vertical\",\"Villa Gramas\"],\"articleSection\":[\"Jardim vertical\"],\"inLanguage\":\"pt-BR\",\"potentialAction\":[{\"@type\":\"CommentAction\",\"name\":\"Comment\",\"target\":[\"https:\/\/www.villagramas.com.br\/blog\/jardim-vertical-como-funciona-a-montagem-profissional-da-villa-gramas\/#respond\"]}]},{\"@type\":\"WebPage\",\"@id\":\"https:\/\/www.villagramas.com.br\/blog\/jardim-vertical-como-funciona-a-montagem-profissional-da-villa-gramas\/\",\"url\":\"https:\/\/www.villagramas.com.br\/blog\/jardim-vertical-como-funciona-a-montagem-profissional-da-villa-gramas\/\",\"name\":\"Jardim vertical: como funciona a montagem profissional da Villa Gramas? - Blog\",\"isPartOf\":{\"@id\":\"https:\/\/www.villagramas.com.br\/blog\/#website\"},\"primaryImageOfPage\":{\"@id\":\"https:\/\/www.villagramas.com.br\/blog\/jardim-vertical-como-funciona-a-montagem-profissional-da-villa-gramas\/#primaryimage\"},\"image\":{\"@id\":\"https:\/\/www.villagramas.com.br\/blog\/jardim-vertical-como-funciona-a-montagem-profissional-da-villa-gramas\/#primaryimage\"},\"thumbnailUrl\":\"https:\/\/www.villagramas.com.br\/blog\/wp-content\/uploads\/2026\/08\/ChatGPT-Image-31-de-ago.-de-2026-09_41_36.png\",\"datePublished\":\"2026-08-31T12:49:13+00:00\",\"dateModified\":\"2026-08-31T12:49:26+00:00\",\"description\":\"Veja como funciona a montagem de jardim vertical, quais cuidados o projeto exige e como a Villa Gramas desenvolve solu\u00e7\u00f5es profissionais e personalizadas\",\"breadcrumb\":{\"@id\":\"https:\/\/www.villagramas.com.br\/blog\/jardim-vertical-como-funciona-a-montagem-profissional-da-villa-gramas\/#breadcrumb\"},\"inLanguage\":\"pt-BR\",\"potentialAction\":[{\"@type\":\"ReadAction\",\"target\":[\"https:\/\/www.villagramas.com.br\/blog\/jardim-vertical-como-funciona-a-montagem-profissional-da-villa-gramas\/\"]}]},{\"@type\":\"ImageObject\",\"inLanguage\":\"pt-BR\",\"@id\":\"https:\/\/www.villagramas.com.br\/blog\/jardim-vertical-como-funciona-a-montagem-profissional-da-villa-gramas\/#primaryimage\",\"url\":\"https:\/\/www.villagramas.com.br\/blog\/wp-content\/uploads\/2026\/08\/ChatGPT-Image-31-de-ago.-de-2026-09_41_36.png\",\"contentUrl\":\"https:\/\/www.villagramas.com.br\/blog\/wp-content\/uploads\/2026\/08\/ChatGPT-Image-31-de-ago.-de-2026-09_41_36.png\",\"width\":1536,\"height\":1024,\"caption\":\"Veja como funciona a montagem de jardim vertical, quais cuidados o projeto exige e como a Villa Gramas desenvolve solu\u00e7\u00f5es profissionais e personalizadas\"},{\"@type\":\"BreadcrumbList\",\"@id\":\"https:\/\/www.villagramas.com.br\/blog\/jardim-vertical-como-funciona-a-montagem-profissional-da-villa-gramas\/#breadcrumb\",\"itemListElement\":[{\"@type\":\"ListItem\",\"position\":1,\"name\":\"In\u00edcio\",\"item\":\"https:\/\/www.villagramas.com.br\/blog\/\"},{\"@type\":\"ListItem\",\"position\":2,\"name\":\"Jardim vertical: como funciona a montagem profissional da Villa Gramas?\"}]},{\"@type\":\"WebSite\",\"@id\":\"https:\/\/www.villagramas.com.br\/blog\/#website\",\"url\":\"https:\/\/www.villagramas.com.br\/blog\/\",\"name\":\"Blog\",\"description\":\"\",\"publisher\":{\"@id\":\"https:\/\/www.villagramas.com.br\/blog\/#organization\"},\"potentialAction\":[{\"@type\":\"SearchAction\",\"target\":{\"@type\":\"EntryPoint\",\"urlTemplate\":\"https:\/\/www.villagramas.com.br\/blog\/?s={search_term_string}\"},\"query-input\":{\"@type\":\"PropertyValueSpecification\",\"valueRequired\":true,\"valueName\":\"search_term_string\"}}],\"inLanguage\":\"pt-BR\"},{\"@type\":\"Organization\",\"@id\":\"https:\/\/www.villagramas.com.br\/blog\/#organization\",\"name\":\"Blog\",\"url\":\"https:\/\/www.villagramas.com.br\/blog\/\",\"logo\":{\"@type\":\"ImageObject\",\"inLanguage\":\"pt-BR\",\"@id\":\"https:\/\/www.villagramas.com.br\/blog\/#\/schema\/logo\/image\/\",\"url\":\"https:\/\/www.villagramas.com.br\/blog\/wp-content\/uploads\/2025\/04\/logo-1.webp\",\"contentUrl\":\"https:\/\/www.villagramas.com.br\/blog\/wp-content\/uploads\/2025\/04\/logo-1.webp\",\"width\":131,\"height\":116,\"caption\":\"Blog\"},\"image\":{\"@id\":\"https:\/\/www.villagramas.com.br\/blog\/#\/schema\/logo\/image\/\"}},{\"@type\":\"Person\",\"@id\":\"https:\/\/www.villagramas.com.br\/blog\/#\/schema\/person\/1c71c9cc2e4ef99657d780b38372997b\",\"name\":\"admin\",\"image\":{\"@type\":\"ImageObject\",\"inLanguage\":\"pt-BR\",\"@id\":\"https:\/\/www.villagramas.com.br\/blog\/#\/schema\/person\/image\/\",\"url\":\"https:\/\/secure.gravatar.com\/avatar\/d2abb7e535a7590a6f9b76c75c90ec5441db3a04a205e6d66ecabfb80081f172?s=96&d=mm&r=g\",\"contentUrl\":\"https:\/\/secure.gravatar.com\/avatar\/d2abb7e535a7590a6f9b76c75c90ec5441db3a04a205e6d66ecabfb80081f172?s=96&d=mm&r=g\",\"caption\":\"admin\"},\"sameAs\":[\"https:\/\/villagramas.com.br\/blog\"],\"url\":\"https:\/\/www.villagramas.com.br\/blog\/author\/admin\/\"}]}<\/script>\n<!-- \/ Yoast SEO plugin. -->","yoast_head_json":{"title":"Jardim vertical: como funciona a montagem profissional da Villa Gramas? - Blog","description":"Veja como funciona a montagem de jardim vertical, quais cuidados o projeto exige e como a Villa Gramas desenvolve solu\u00e7\u00f5es profissionais e personalizadas","robots":{"index":"index","follow":"follow","max-snippet":"max-snippet:-1","max-image-preview":"max-image-preview:large","max-video-preview":"max-video-preview:-1"},"canonical":"https:\/\/www.villagramas.com.br\/blog\/jardim-vertical-como-funciona-a-montagem-profissional-da-villa-gramas\/","og_locale":"pt_BR","og_type":"article","og_title":"Jardim vertical: como funciona a montagem profissional da Villa Gramas? - Blog","og_description":"Veja como funciona a montagem de jardim vertical, quais cuidados o projeto exige e como a Villa Gramas desenvolve solu\u00e7\u00f5es profissionais e personalizadas","og_url":"https:\/\/www.villagramas.com.br\/blog\/jardim-vertical-como-funciona-a-montagem-profissional-da-villa-gramas\/","og_site_name":"Blog","article_published_time":"2026-08-31T12:49:13+00:00","article_modified_time":"2026-08-31T12:49:26+00:00","og_image":[{"width":1024,"height":683,"url":"https:\/\/www.villagramas.com.br\/blog\/wp-content\/uploads\/2026\/08\/ChatGPT-Image-31-de-ago.-de-2026-09_41_36-1024x683.png","type":"image\/png"}],"author":"admin","twitter_card":"summary_large_image","twitter_misc":{"Escrito por":"admin","Est. tempo de leitura":"9 minutos"},"schema":{"@context":"https:\/\/schema.org","@graph":[{"@type":"Article","@id":"https:\/\/www.villagramas.com.br\/blog\/jardim-vertical-como-funciona-a-montagem-profissional-da-villa-gramas\/#article","isPartOf":{"@id":"https:\/\/www.villagramas.com.br\/blog\/jardim-vertical-como-funciona-a-montagem-profissional-da-villa-gramas\/"},"author":{"name":"admin","@id":"https:\/\/www.villagramas.com.br\/blog\/#\/schema\/person\/1c71c9cc2e4ef99657d780b38372997b"},"headline":"Jardim vertical: como funciona a montagem profissional da Villa Gramas?","datePublished":"2026-08-31T12:49:13+00:00","dateModified":"2026-08-31T12:49:26+00:00","mainEntityOfPage":{"@id":"https:\/\/www.villagramas.com.br\/blog\/jardim-vertical-como-funciona-a-montagem-profissional-da-villa-gramas\/"},"wordCount":1769,"commentCount":0,"publisher":{"@id":"https:\/\/www.villagramas.com.br\/blog\/#organization"},"image":{"@id":"https:\/\/www.villagramas.com.br\/blog\/jardim-vertical-como-funciona-a-montagem-profissional-da-villa-gramas\/#primaryimage"},"thumbnailUrl":"https:\/\/www.villagramas.com.br\/blog\/wp-content\/uploads\/2026\/08\/ChatGPT-Image-31-de-ago.-de-2026-09_41_36.png","keywords":["empresa de jardim vertical","estrutura para jardim vertical","instala\u00e7\u00e3o de jardim vertical","irriga\u00e7\u00e3o para jardim vertical","jardim vertical","jardim vertical com plantas","jardim vertical comercial","jardim vertical em muro","jardim vertical externo","jardim vertical na parede","jardim vertical para \u00e1rea externa","jardim vertical para condom\u00ednio","jardim vertical profissional","jardim vertical residencial","manuten\u00e7\u00e3o de jardim vertical","montagem de jardim vertical","paisagismo vertical","parede verde","projeto de jardim vertical","Villa Gramas"],"articleSection":["Jardim vertical"],"inLanguage":"pt-BR","potentialAction":[{"@type":"CommentAction","name":"Comment","target":["https:\/\/www.villagramas.com.br\/blog\/jardim-vertical-como-funciona-a-montagem-profissional-da-villa-gramas\/#respond"]}]},{"@type":"WebPage","@id":"https:\/\/www.villagramas.com.br\/blog\/jardim-vertical-como-funciona-a-montagem-profissional-da-villa-gramas\/","url":"https:\/\/www.villagramas.com.br\/blog\/jardim-vertical-como-funciona-a-montagem-profissional-da-villa-gramas\/","name":"Jardim vertical: como funciona a montagem profissional da Villa Gramas? - Blog","isPartOf":{"@id":"https:\/\/www.villagramas.com.br\/blog\/#website"},"primaryImageOfPage":{"@id":"https:\/\/www.villagramas.com.br\/blog\/jardim-vertical-como-funciona-a-montagem-profissional-da-villa-gramas\/#primaryimage"},"image":{"@id":"https:\/\/www.villagramas.com.br\/blog\/jardim-vertical-como-funciona-a-montagem-profissional-da-villa-gramas\/#primaryimage"},"thumbnailUrl":"https:\/\/www.villagramas.com.br\/blog\/wp-content\/uploads\/2026\/08\/ChatGPT-Image-31-de-ago.-de-2026-09_41_36.png","datePublished":"2026-08-31T12:49:13+00:00","dateModified":"2026-08-31T12:49:26+00:00","description":"Veja como funciona a montagem de jardim vertical, quais cuidados o projeto exige e como a Villa Gramas desenvolve solu\u00e7\u00f5es profissionais e personalizadas","breadcrumb":{"@id":"https:\/\/www.villagramas.com.br\/blog\/jardim-vertical-como-funciona-a-montagem-profissional-da-villa-gramas\/#breadcrumb"},"inLanguage":"pt-BR","potentialAction":[{"@type":"ReadAction","target":["https:\/\/www.villagramas.com.br\/blog\/jardim-vertical-como-funciona-a-montagem-profissional-da-villa-gramas\/"]}]},{"@type":"ImageObject","inLanguage":"pt-BR","@id":"https:\/\/www.villagramas.com.br\/blog\/jardim-vertical-como-funciona-a-montagem-profissional-da-villa-gramas\/#primaryimage","url":"https:\/\/www.villagramas.com.br\/blog\/wp-content\/uploads\/2026\/08\/ChatGPT-Image-31-de-ago.-de-2026-09_41_36.png","contentUrl":"https:\/\/www.villagramas.com.br\/blog\/wp-content\/uploads\/2026\/08\/ChatGPT-Image-31-de-ago.-de-2026-09_41_36.png","width":1536,"height":1024,"caption":"Veja como funciona a montagem de jardim vertical, quais cuidados o projeto exige e como a Villa Gramas desenvolve solu\u00e7\u00f5es profissionais e personalizadas"},{"@type":"BreadcrumbList","@id":"https:\/\/www.villagramas.com.br\/blog\/jardim-vertical-como-funciona-a-montagem-profissional-da-villa-gramas\/#breadcrumb","itemListElement":[{"@type":"ListItem","position":1,"name":"In\u00edcio","item":"https:\/\/www.villagramas.com.br\/blog\/"},{"@type":"ListItem","position":2,"name":"Jardim vertical: como funciona a montagem profissional da Villa Gramas?"}]},{"@type":"WebSite","@id":"https:\/\/www.villagramas.com.br\/blog\/#website","url":"https:\/\/www.villagramas.com.br\/blog\/","name":"Blog","description":"","publisher":{"@id":"https:\/\/www.villagramas.com.br\/blog\/#organization"},"potentialAction":[{"@type":"SearchAction","target":{"@type":"EntryPoint","urlTemplate":"https:\/\/www.villagramas.com.br\/blog\/?s={search_term_string}"},"query-input":{"@type":"PropertyValueSpecification","valueRequired":true,"valueName":"search_term_string"}}],"inLanguage":"pt-BR"},{"@type":"Organization","@id":"https:\/\/www.villagramas.com.br\/blog\/#organization","name":"Blog","url":"https:\/\/www.villagramas.com.br\/blog\/","logo":{"@type":"ImageObject","inLanguage":"pt-BR","@id":"https:\/\/www.villagramas.com.br\/blog\/#\/schema\/logo\/image\/","url":"https:\/\/www.villagramas.com.br\/blog\/wp-content\/uploads\/2025\/04\/logo-1.webp","contentUrl":"https:\/\/www.villagramas.com.br\/blog\/wp-content\/uploads\/2025\/04\/logo-1.webp","width":131,"height":116,"caption":"Blog"},"image":{"@id":"https:\/\/www.villagramas.com.br\/blog\/#\/schema\/logo\/image\/"}},{"@type":"Person","@id":"https:\/\/www.villagramas.com.br\/blog\/#\/schema\/person\/1c71c9cc2e4ef99657d780b38372997b","name":"admin","image":{"@type":"ImageObject","inLanguage":"pt-BR","@id":"https:\/\/www.villagramas.com.br\/blog\/#\/schema\/person\/image\/","url":"https:\/\/secure.gravatar.com\/avatar\/d2abb7e535a7590a6f9b76c75c90ec5441db3a04a205e6d66ecabfb80081f172?s=96&d=mm&r=g","contentUrl":"https:\/\/secure.gravatar.com\/avatar\/d2abb7e535a7590a6f9b76c75c90ec5441db3a04a205e6d66ecabfb80081f172?s=96&d=mm&r=g","caption":"admin"},"sameAs":["https:\/\/villagramas.com.br\/blog"],"url":"https:\/\/www.villagramas.com.br\/blog\/author\/admin\/"}]}},"_links":{"self":[{"href":"https:\/\/www.villagramas.com.br\/blog\/wp-json\/wp\/v2\/posts\/3929","targetHints":{"allow":["GET"]}}],"collection":[{"href":"https:\/\/www.villagramas.com.br\/blog\/wp-json\/wp\/v2\/posts"}],"about":[{"href":"https:\/\/www.villagramas.com.br\/blog\/wp-json\/wp\/v2\/types\/post"}],"author":[{"embeddable":true,"href":"https:\/\/www.villagramas.com.br\/blog\/wp-json\/wp\/v2\/users\/1"}],"replies":[{"embeddable":true,"href":"https:\/\/www.villagramas.com.br\/blog\/wp-json\/wp\/v2\/comments?post=3929"}],"version-history":[{"count":1,"href":"https:\/\/www.villagramas.com.br\/blog\/wp-json\/wp\/v2\/posts\/3929\/revisions"}],"predecessor-version":[{"id":3931,"href":"https:\/\/www.villagramas.com.br\/blog\/wp-json\/wp\/v2\/posts\/3929\/revisions\/3931"}],"wp:featuredmedia":[{"embeddable":true,"href":"https:\/\/www.villagramas.com.br\/blog\/wp-json\/wp\/v2\/media\/3930"}],"wp:attachment":[{"href":"https:\/\/www.villagramas.com.br\/blog\/wp-json\/wp\/v2\/media?parent=3929"}],"wp:term":[{"taxonomy":"category","embeddable":true,"href":"https:\/\/www.villagramas.com.br\/blog\/wp-json\/wp\/v2\/categories?post=3929"},{"taxonomy":"post_tag","embeddable":true,"href":"https:\/\/www.villagramas.com.br\/blog\/wp-json\/wp\/v2\/tags?post=3929"}],"curies":[{"name":"wp","href":"https:\/\/api.w.org\/{rel}","templated":true}]}}