{"id":3932,"date":"2026-09-01T09:22:19","date_gmt":"2026-09-01T12:22:19","guid":{"rendered":"https:\/\/www.villagramas.com.br\/blog\/?p=3932"},"modified":"2026-09-01T09:33:03","modified_gmt":"2026-09-01T12:33:03","slug":"grama-sintetica-em-sao-paulo","status":"publish","type":"post","link":"https:\/\/www.villagramas.com.br\/blog\/grama-sintetica-em-sao-paulo\/","title":{"rendered":"Grama sint\u00e9tica em S\u00e3o Paulo: pre\u00e7o e instala\u00e7\u00e3o"},"content":{"rendered":"<span class=\"span-reading-time rt-reading-time\" style=\"display: block;\"><span class=\"rt-label rt-prefix\">Tempo de leitura:<\/span> <span class=\"rt-time\"> 6<\/span> <span class=\"rt-label rt-postfix\">minutos<\/span><\/span>\n<p class=\"wp-block-paragraph\"><strong><em>Veja quanto custa grama sint\u00e9tica em S\u00e3o Paulo, o que influencia o pre\u00e7o e como funciona a instala\u00e7\u00e3o para \u00e1reas residenciais e comerciais.<\/em><\/strong><\/p>\n\n\n\n<p class=\"wp-block-paragraph\">Quem pesquisa por <strong>grama sint\u00e9tica em S\u00e3o Paulo<\/strong> normalmente j\u00e1 passou da fase de inspira\u00e7\u00e3o. Existe um quintal, playground, espa\u00e7o comercial ou \u00e1rea de lazer esperando por uma solu\u00e7\u00e3o pr\u00e1tica, e agora surgem as perguntas mais importantes: quanto custa, qual modelo escolher e como ser\u00e1 feita a instala\u00e7\u00e3o?<\/p>\n\n\n\n<p class=\"wp-block-paragraph\">Essas respostas dependem bastante das caracter\u00edsticas do ambiente. Uma varanda pequena exige cuidados diferentes de um playground escolar, assim como uma \u00e1rea decorativa n\u00e3o recebe necessariamente o mesmo produto indicado para locais com circula\u00e7\u00e3o intensa.<\/p>\n\n\n\n<p class=\"wp-block-paragraph\">Por isso, <strong>antecipar a avalia\u00e7\u00e3o e o or\u00e7amento pode evitar ajustes de \u00faltima hora<\/strong>, principalmente quando a instala\u00e7\u00e3o faz parte de uma reforma, inaugura\u00e7\u00e3o ou revitaliza\u00e7\u00e3o com prazo definido.<\/p>\n\n\n\n<div id=\"ez-toc-container\" class=\"ez-toc-v2_0_76 counter-hierarchy ez-toc-counter ez-toc-grey ez-toc-container-direction\">\n<div class=\"ez-toc-title-container\">\n<p class=\"ez-toc-title\" style=\"cursor:inherit\">O que abordaremos neste artigo:<\/p>\n<span class=\"ez-toc-title-toggle\"><a href=\"#\" class=\"ez-toc-pull-right ez-toc-btn ez-toc-btn-xs ez-toc-btn-default ez-toc-toggle\" aria-label=\"Alternar tabela de conte\u00fado\"><span class=\"ez-toc-js-icon-con\"><span class=\"\"><span class=\"eztoc-hide\" style=\"display:none;\">Toggle<\/span><span class=\"ez-toc-icon-toggle-span\"><svg style=\"fill: #999;color:#999\" xmlns=\"http:\/\/www.w3.org\/2000\/svg\" class=\"list-377408\" width=\"20px\" height=\"20px\" viewBox=\"0 0 24 24\" fill=\"none\"><path d=\"M6 6H4v2h2V6zm14 0H8v2h12V6zM4 11h2v2H4v-2zm16 0H8v2h12v-2zM4 16h2v2H4v-2zm16 0H8v2h12v-2z\" fill=\"currentColor\"><\/path><\/svg><svg style=\"fill: #999;color:#999\" class=\"arrow-unsorted-368013\" xmlns=\"http:\/\/www.w3.org\/2000\/svg\" width=\"10px\" height=\"10px\" viewBox=\"0 0 24 24\" version=\"1.2\" baseProfile=\"tiny\"><path d=\"M18.2 9.3l-6.2-6.3-6.2 6.3c-.2.2-.3.4-.3.7s.1.5.3.7c.2.2.4.3.7.3h11c.3 0 .5-.1.7-.3.2-.2.3-.5.3-.7s-.1-.5-.3-.7zM5.8 14.7l6.2 6.3 6.2-6.3c.2-.2.3-.5.3-.7s-.1-.5-.3-.7c-.2-.2-.4-.3-.7-.3h-11c-.3 0-.5.1-.7.3-.2.2-.3.5-.3.7s.1.5.3.7z\"\/><\/svg><\/span><\/span><\/span><\/a><\/span><\/div>\n<nav><ul class='ez-toc-list ez-toc-list-level-1 ' ><li class='ez-toc-page-1 ez-toc-heading-level-2'><a class=\"ez-toc-link ez-toc-heading-1\" href=\"https:\/\/www.villagramas.com.br\/blog\/grama-sintetica-em-sao-paulo\/#Quanto_custa_grama_sintetica_em_Sao_Paulo\" >Quanto custa grama sint\u00e9tica em S\u00e3o Paulo?<\/a><ul class='ez-toc-list-level-3' ><li class='ez-toc-heading-level-3'><a class=\"ez-toc-link ez-toc-heading-2\" href=\"https:\/\/www.villagramas.com.br\/blog\/grama-sintetica-em-sao-paulo\/#O_que_influencia_o_preco_da_grama_sintetica\" >O que influencia o pre\u00e7o da grama sint\u00e9tica?<\/a><\/li><\/ul><\/li><li class='ez-toc-page-1 ez-toc-heading-level-2'><a class=\"ez-toc-link ez-toc-heading-3\" href=\"https:\/\/www.villagramas.com.br\/blog\/grama-sintetica-em-sao-paulo\/#Como_funciona_a_instalacao_de_grama_sintetica_em_Sao_Paulo\" >Como funciona a instala\u00e7\u00e3o de grama sint\u00e9tica em S\u00e3o Paulo?<\/a><ul class='ez-toc-list-level-3' ><li class='ez-toc-heading-level-3'><a class=\"ez-toc-link ez-toc-heading-4\" href=\"https:\/\/www.villagramas.com.br\/blog\/grama-sintetica-em-sao-paulo\/#Por_que_a_preparacao_da_base_faz_diferenca\" >Por que a prepara\u00e7\u00e3o da base faz diferen\u00e7a?<\/a><\/li><\/ul><\/li><li class='ez-toc-page-1 ez-toc-heading-level-2'><a class=\"ez-toc-link ez-toc-heading-5\" href=\"https:\/\/www.villagramas.com.br\/blog\/grama-sintetica-em-sao-paulo\/#Onde_a_grama_sintetica_pode_ser_instalada\" >Onde a grama sint\u00e9tica pode ser instalada?<\/a><ul class='ez-toc-list-level-3' ><li class='ez-toc-heading-level-3'><a class=\"ez-toc-link ez-toc-heading-6\" href=\"https:\/\/www.villagramas.com.br\/blog\/grama-sintetica-em-sao-paulo\/#Grama_sintetica_para_playground_exige_atencao_especifica\" >Grama sint\u00e9tica para playground exige aten\u00e7\u00e3o espec\u00edfica<\/a><\/li><\/ul><\/li><li class='ez-toc-page-1 ez-toc-heading-level-2'><a class=\"ez-toc-link ez-toc-heading-7\" href=\"https:\/\/www.villagramas.com.br\/blog\/grama-sintetica-em-sao-paulo\/#Vale_a_pena_instalar_grama_sintetica\" >Vale a pena instalar grama sint\u00e9tica?<\/a><\/li><li class='ez-toc-page-1 ez-toc-heading-level-2'><a class=\"ez-toc-link ez-toc-heading-8\" href=\"https:\/\/www.villagramas.com.br\/blog\/grama-sintetica-em-sao-paulo\/#Quando_pedir_orcamento_de_grama_sintetica_em_Sao_Paulo\" >Quando pedir or\u00e7amento de grama sint\u00e9tica em S\u00e3o Paulo?<\/a><\/li><li class='ez-toc-page-1 ez-toc-heading-level-2'><a class=\"ez-toc-link ez-toc-heading-9\" href=\"https:\/\/www.villagramas.com.br\/blog\/grama-sintetica-em-sao-paulo\/#Como_escolher_uma_empresa_de_grama_sintetica_em_Sao_Paulo\" >Como escolher uma empresa de grama sint\u00e9tica em S\u00e3o Paulo?<\/a><\/li><li class='ez-toc-page-1 ez-toc-heading-level-2'><a class=\"ez-toc-link ez-toc-heading-10\" href=\"https:\/\/www.villagramas.com.br\/blog\/grama-sintetica-em-sao-paulo\/#Planeje_agora_sua_grama_sintetica_em_Sao_Paulo\" >Planeje agora sua grama sint\u00e9tica em S\u00e3o Paulo<\/a><ul class='ez-toc-list-level-3' ><li class='ez-toc-heading-level-3'><a class=\"ez-toc-link ez-toc-heading-11\" href=\"https:\/\/www.villagramas.com.br\/blog\/grama-sintetica-em-sao-paulo\/#Solicite_seu_orcamento_com_a_Villa_Gramas_e_Brinquedos\" >Solicite seu or\u00e7amento com a Villa Gramas e Brinquedos<\/a><\/li><\/ul><\/li><\/ul><\/nav><\/div>\n<h2 class=\"wp-block-heading\"><span class=\"ez-toc-section\" id=\"Quanto_custa_grama_sintetica_em_Sao_Paulo\"><\/span><strong>Quanto custa grama sint\u00e9tica em S\u00e3o Paulo?<\/strong><span class=\"ez-toc-section-end\"><\/span><\/h2>\n\n\n\n<p class=\"wp-block-paragraph\">O pre\u00e7o da <strong>grama sint\u00e9tica em S\u00e3o Paulo<\/strong> n\u00e3o \u00e9 determinado apenas pelo valor do metro quadrado. O or\u00e7amento costuma considerar o tipo de gramado, a \u00e1rea total, as condi\u00e7\u00f5es do piso existente, recortes necess\u00e1rios e o servi\u00e7o de instala\u00e7\u00e3o.<\/p>\n\n\n\n<p class=\"wp-block-paragraph\">A altura dos fios, densidade, acabamento e finalidade tamb\u00e9m influenciam. Existem modelos voltados para paisagismo e decora\u00e7\u00e3o, enquanto outros s\u00e3o desenvolvidos para playgrounds, espa\u00e7os recreativos, \u00e1reas comerciais ou ambientes sujeitos a uso frequente.<\/p>\n\n\n\n<p class=\"wp-block-paragraph\">Outro ponto importante \u00e9 a prepara\u00e7\u00e3o da superf\u00edcie. Quando o local j\u00e1 possui contrapiso regular e adequado, o processo tende a ser mais simples. Bases desniveladas, com problemas de drenagem ou que necessitam de corre\u00e7\u00e3o podem exigir etapas adicionais.<\/p>\n\n\n\n<p class=\"wp-block-paragraph\"><strong>Um or\u00e7amento preciso come\u00e7a pela an\u00e1lise do espa\u00e7o e da utiliza\u00e7\u00e3o prevista.<\/strong> Comparar apenas o pre\u00e7o por metro quadrado pode deixar de fora justamente os itens que interferem no resultado final e na durabilidade da instala\u00e7\u00e3o.<\/p>\n\n\n\n<ul class=\"wp-block-list\">\n<li><a href=\"https:\/\/www.villagramas.com.br\/blog\/campo-de-futebol-sintetico\/\">Or\u00e7amento de campo de futebol sint\u00e9tico: o que incluir?<\/a>\u00a0<\/li>\n<\/ul>\n\n\n\n<h3 class=\"wp-block-heading\"><span class=\"ez-toc-section\" id=\"O_que_influencia_o_preco_da_grama_sintetica\"><\/span><strong>O que influencia o pre\u00e7o da grama sint\u00e9tica?<\/strong><span class=\"ez-toc-section-end\"><\/span><\/h3>\n\n\n\n<p class=\"wp-block-paragraph\">A metragem \u00e9 um dos primeiros fatores considerados, mas n\u00e3o o \u00fanico. Formatos irregulares, colunas, canteiros, curvas, escadas e obst\u00e1culos podem aumentar a quantidade de recortes e demandar maior aten\u00e7\u00e3o durante a aplica\u00e7\u00e3o.<\/p>\n\n\n\n<p class=\"wp-block-paragraph\">A escolha do modelo tamb\u00e9m pesa no or\u00e7amento. Uma grama decorativa para uma pequena varanda possui necessidades diferentes de um revestimento utilizado diariamente por crian\u00e7as, clientes, moradores ou funcion\u00e1rios.<\/p>\n\n\n\n<p class=\"wp-block-paragraph\">Outro aspecto \u00e9 o acesso ao local. Instala\u00e7\u00f5es em coberturas, \u00e1reas internas, condom\u00ednios e espa\u00e7os com restri\u00e7\u00f5es para transporte de materiais podem exigir uma log\u00edstica espec\u00edfica antes mesmo de come\u00e7ar o servi\u00e7o.<\/p>\n\n\n\n<p class=\"wp-block-paragraph\">Entre os principais pontos avaliados est\u00e3o:<\/p>\n\n\n\n<ul class=\"wp-block-list\">\n<li>metragem e formato da \u00e1rea;<\/li>\n\n\n\n<li>modelo, altura e densidade da grama;<\/li>\n\n\n\n<li>situa\u00e7\u00e3o atual da superf\u00edcie;<\/li>\n\n\n\n<li>prepara\u00e7\u00e3o e regulariza\u00e7\u00e3o da base;<\/li>\n\n\n\n<li>quantidade de recortes e acabamentos;<\/li>\n\n\n\n<li>finalidade e intensidade de utiliza\u00e7\u00e3o;<\/li>\n\n\n\n<li>facilidade de acesso para instala\u00e7\u00e3o.<\/li>\n<\/ul>\n\n\n\n<p class=\"wp-block-paragraph\"><strong>Solicitar a avalia\u00e7\u00e3o antes de fechar o projeto ajuda a enxergar o custo completo<\/strong>, sem tomar a decis\u00e3o apenas pelo valor aparente do revestimento.<\/p>\n\n\n\n<h2 class=\"wp-block-heading\"><span class=\"ez-toc-section\" id=\"Como_funciona_a_instalacao_de_grama_sintetica_em_Sao_Paulo\"><\/span><strong>Como funciona a instala\u00e7\u00e3o de grama sint\u00e9tica em S\u00e3o Paulo?<\/strong><span class=\"ez-toc-section-end\"><\/span><\/h2>\n\n\n\n<p class=\"wp-block-paragraph\">A instala\u00e7\u00e3o de <strong>grama sint\u00e9tica em S\u00e3o Paulo<\/strong> come\u00e7a antes da coloca\u00e7\u00e3o dos rolos. Uma boa execu\u00e7\u00e3o exige medi\u00e7\u00e3o correta, an\u00e1lise da superf\u00edcie, planejamento dos encontros entre as pe\u00e7as e defini\u00e7\u00e3o dos acabamentos.<\/p>\n\n\n\n<p class=\"wp-block-paragraph\">A base precisa apresentar condi\u00e7\u00f5es compat\u00edveis com o sistema escolhido. Irregularidades podem aparecer no acabamento ou interferir no comportamento do piso depois de instalado. Em \u00e1reas externas, a maneira como a \u00e1gua ser\u00e1 conduzida tamb\u00e9m merece aten\u00e7\u00e3o.<\/p>\n\n\n\n<p class=\"wp-block-paragraph\">Depois da prepara\u00e7\u00e3o, a grama \u00e9 posicionada conforme o sentido dos fios e recortada para acompanhar paredes, canteiros, pilares e demais limites do espa\u00e7o. As jun\u00e7\u00f5es precisam ser cuidadosamente executadas para deixar o resultado visualmente uniforme.<\/p>\n\n\n\n<p class=\"wp-block-paragraph\">A etapa final envolve acabamentos, fixa\u00e7\u00e3o e confer\u00eancia da \u00e1rea. <strong>\u00c9 a qualidade da instala\u00e7\u00e3o que transforma o material em um piso realmente integrado ao ambiente<\/strong>, evitando emendas mal posicionadas, sobras ou recortes pouco precisos.<\/p>\n\n\n\n<ul class=\"wp-block-list\">\n<li><a href=\"https:\/\/www.villagramas.com.br\/blog\/jardim-com-grama-sintetica-e-pedras-sob-medida\/\">Jardim com grama sint\u00e9tica e pedras sob medida<\/a>\u00a0<\/li>\n<\/ul>\n\n\n\n<h3 class=\"wp-block-heading\"><span class=\"ez-toc-section\" id=\"Por_que_a_preparacao_da_base_faz_diferenca\"><\/span><strong>Por que a prepara\u00e7\u00e3o da base faz diferen\u00e7a?<\/strong><span class=\"ez-toc-section-end\"><\/span><\/h3>\n\n\n\n<p class=\"wp-block-paragraph\">Imagine instalar um revestimento novo sobre uma superf\u00edcie cheia de desn\u00edveis. Mesmo com um produto de boa qualidade, as imperfei\u00e7\u00f5es existentes podem continuar percept\u00edveis depois do servi\u00e7o.<\/p>\n\n\n\n<p class=\"wp-block-paragraph\">Por isso, a avalia\u00e7\u00e3o da base merece aten\u00e7\u00e3o desde o or\u00e7amento. Dependendo do projeto, pode ser necess\u00e1ria limpeza profunda, regulariza\u00e7\u00e3o ou outra prepara\u00e7\u00e3o compat\u00edvel com o local e com o sistema de instala\u00e7\u00e3o utilizado.<\/p>\n\n\n\n<p class=\"wp-block-paragraph\">Um memorial descritivo disponibilizado pelo Fundo Nacional de Desenvolvimento da Educa\u00e7\u00e3o, por exemplo, prev\u00ea base pavimentada para aplica\u00e7\u00e3o de grama sint\u00e9tica em determinada configura\u00e7\u00e3o de playground. Isso mostra como <strong>as caracter\u00edsticas da superf\u00edcie fazem parte do planejamento t\u00e9cnico da instala\u00e7\u00e3o<\/strong>.<\/p>\n\n\n\n<p class=\"wp-block-paragraph\">A necessidade exata deve ser analisada projeto a projeto. O pr\u00f3prio ambiente, a finalidade da \u00e1rea e as condi\u00e7\u00f5es existentes determinam quais prepara\u00e7\u00f5es dever\u00e3o ser realizadas antes da aplica\u00e7\u00e3o.<\/p>\n\n\n\n<h2 class=\"wp-block-heading\"><span class=\"ez-toc-section\" id=\"Onde_a_grama_sintetica_pode_ser_instalada\"><\/span><strong>Onde a grama sint\u00e9tica pode ser instalada?<\/strong><span class=\"ez-toc-section-end\"><\/span><\/h2>\n\n\n\n<p class=\"wp-block-paragraph\">A procura por <strong>grama sint\u00e9tica em S\u00e3o Paulo<\/strong> alcan\u00e7a projetos bastante diferentes. Em resid\u00eancias, ela aparece em quintais, corredores laterais, varandas, terra\u00e7os, jardins decorativos e espa\u00e7os criados para conviv\u00eancia da fam\u00edlia.<\/p>\n\n\n\n<p class=\"wp-block-paragraph\">Condom\u00ednios podem utilizar o revestimento em \u00e1reas comuns, espa\u00e7os infantis e ambientes de lazer. Escolas, buffets e estabelecimentos comerciais tamb\u00e9m encontram na grama sint\u00e9tica uma alternativa para criar \u00e1reas visualmente organizadas e adequadas \u00e0 proposta de cada espa\u00e7o.<\/p>\n\n\n\n<p class=\"wp-block-paragraph\">Em ambientes corporativos e comerciais, o material pode fazer parte de projetos decorativos ou \u00e1reas de conviv\u00eancia. A escolha deve levar em considera\u00e7\u00e3o circula\u00e7\u00e3o, exposi\u00e7\u00e3o \u00e0s condi\u00e7\u00f5es externas e frequ\u00eancia de uso.<\/p>\n\n\n\n<p class=\"wp-block-paragraph\"><strong>A aplica\u00e7\u00e3o correta come\u00e7a pela finalidade do ambiente.<\/strong> Isso ajuda a definir altura, densidade, acabamento e caracter\u00edsticas do produto, em vez de selecionar um modelo somente pela apar\u00eancia.<\/p>\n\n\n\n<ul class=\"wp-block-list\">\n<li><a href=\"https:\/\/www.villagramas.com.br\/blog\/grama-sintetica-para-varanda\/\">Onde comprar grama sint\u00e9tica para varanda?<\/a>\u00a0<\/li>\n<\/ul>\n\n\n\n<h3 class=\"wp-block-heading\"><span class=\"ez-toc-section\" id=\"Grama_sintetica_para_playground_exige_atencao_especifica\"><\/span><strong>Grama sint\u00e9tica para playground exige aten\u00e7\u00e3o espec\u00edfica<\/strong><span class=\"ez-toc-section-end\"><\/span><\/h3>\n\n\n\n<p class=\"wp-block-paragraph\">Playgrounds precisam ser analisados com cuidado porque envolvem circula\u00e7\u00e3o infantil e requisitos pr\u00f3prios de seguran\u00e7a. O tipo de piso necess\u00e1rio depende da configura\u00e7\u00e3o dos brinquedos, das alturas de queda e das caracter\u00edsticas do projeto.<\/p>\n\n\n\n<p class=\"wp-block-paragraph\">O Inmetro informa que a s\u00e9rie <a href=\"https:\/\/www.gov.br\/inmetro\/pt-br\/acesso-a-informacao\/perguntas-frequentes\/avaliacao-da-conformidade\/brinquedos\/quais-as-normas-referentes-a-brinquedos-de-playground\"><strong>ABNT NBR 16071<\/strong><\/a> re\u00fane normas relacionadas \u00e0 seguran\u00e7a de playgrounds. Entre elas est\u00e1 a NBR 16071-3, que trata dos requisitos de seguran\u00e7a para pisos absorventes de impacto.<\/p>\n\n\n\n<p class=\"wp-block-paragraph\">Isso significa que a especifica\u00e7\u00e3o de uma \u00e1rea infantil n\u00e3o deve ser feita apenas pela apar\u00eancia da grama. \u00c9 necess\u00e1rio considerar o projeto completo e verificar quais requisitos t\u00e9cnicos s\u00e3o aplic\u00e1veis ao ambiente.<\/p>\n\n\n\n<p class=\"wp-block-paragraph\">O Minist\u00e9rio do Esporte tamb\u00e9m prev\u00ea campos society com grama sint\u00e9tica dentro da composi\u00e7\u00e3o de seus Espa\u00e7os Esportivos Comunit\u00e1rios, evidenciando como esse tipo de superf\u00edcie pode atender projetos recreativos e esportivos quando corretamente especificado.<\/p>\n\n\n\n<h2 class=\"wp-block-heading\"><span class=\"ez-toc-section\" id=\"Vale_a_pena_instalar_grama_sintetica\"><\/span><strong>Vale a pena instalar grama sint\u00e9tica?<\/strong><span class=\"ez-toc-section-end\"><\/span><\/h2>\n\n\n\n<p class=\"wp-block-paragraph\">Para quem deseja uma superf\u00edcie verde sem depender de corte peri\u00f3dico, aduba\u00e7\u00e3o e outros cuidados t\u00edpicos de um gramado natural, a grama sint\u00e9tica pode fazer bastante sentido.<\/p>\n\n\n\n<p class=\"wp-block-paragraph\">Ela tamb\u00e9m possibilita levar o visual de gramado para ambientes onde manter grama natural seria dif\u00edcil, como determinadas varandas, corredores, \u00e1reas cobertas, espa\u00e7os comerciais e pontos com condi\u00e7\u00f5es pouco favor\u00e1veis ao cultivo.<\/p>\n\n\n\n<p class=\"wp-block-paragraph\">Isso n\u00e3o significa aus\u00eancia total de cuidados. A limpeza peri\u00f3dica continua necess\u00e1ria, especialmente em \u00e1reas frequentadas por crian\u00e7as, animais ou muitas pessoas. Folhas, poeira e res\u00edduos devem ser retirados conforme o uso do ambiente.<\/p>\n\n\n\n<p class=\"wp-block-paragraph\"><strong>A vantagem aparece quando o produto e a instala\u00e7\u00e3o s\u00e3o compat\u00edveis com a rotina do espa\u00e7o.<\/strong> \u00c9 essa combina\u00e7\u00e3o que deve orientar a decis\u00e3o, e n\u00e3o apenas a ideia de ter um ambiente verde durante o ano todo.<\/p>\n\n\n\n<ul class=\"wp-block-list\">\n<li><a href=\"https:\/\/www.villagramas.com.br\/blog\/grama-sintetica-no-quintal-vale-a-pena-tire-essa-duvida\/\">Grama sint\u00e9tica no quintal vale a pena? Tire essa d\u00favida<\/a> \u00a0<\/li>\n<\/ul>\n\n\n\n<h2 class=\"wp-block-heading\"><span class=\"ez-toc-section\" id=\"Quando_pedir_orcamento_de_grama_sintetica_em_Sao_Paulo\"><\/span><strong>Quando pedir or\u00e7amento de grama sint\u00e9tica em S\u00e3o Paulo?<\/strong><span class=\"ez-toc-section-end\"><\/span><\/h2>\n\n\n\n<p class=\"wp-block-paragraph\">Se a instala\u00e7\u00e3o est\u00e1 vinculada a uma obra, mudan\u00e7a, inaugura\u00e7\u00e3o ou reforma, o melhor momento para solicitar or\u00e7amento \u00e9 antes das etapas finais do projeto. Assim, existe margem para medir a \u00e1rea e resolver eventuais necessidades relacionadas \u00e0 base.<\/p>\n\n\n\n<p class=\"wp-block-paragraph\">Essa antecipa\u00e7\u00e3o tamb\u00e9m ajuda na escolha do produto. Comprar primeiro e avaliar depois pode resultar em uma grama pouco adequada \u00e0 utiliza\u00e7\u00e3o planejada ou em quantidades que n\u00e3o considerem corretamente recortes e perdas de instala\u00e7\u00e3o.<\/p>\n\n\n\n<p class=\"wp-block-paragraph\">Em condom\u00ednios, escolas, empresas e estabelecimentos comerciais, o planejamento antecipado ainda permite organizar o per\u00edodo de execu\u00e7\u00e3o para reduzir interfer\u00eancias na rotina do local.<\/p>\n\n\n\n<p class=\"wp-block-paragraph\"><strong>Quanto antes o ambiente for avaliado, mais previs\u00edvel fica o projeto.<\/strong> Esse cuidado \u00e9 especialmente \u00fatil em S\u00e3o Paulo, onde reformas e instala\u00e7\u00f5es frequentemente precisam seguir regras de condom\u00ednio, hor\u00e1rios espec\u00edficos e cronogramas de outros prestadores.<\/p>\n\n\n\n<h2 class=\"wp-block-heading\"><span class=\"ez-toc-section\" id=\"Como_escolher_uma_empresa_de_grama_sintetica_em_Sao_Paulo\"><\/span><strong>Como escolher uma empresa de grama sint\u00e9tica em S\u00e3o Paulo?<\/strong><span class=\"ez-toc-section-end\"><\/span><\/h2>\n\n\n\n<figure class=\"wp-block-image alignright size-full is-resized\"><img fetchpriority=\"high\" decoding=\"async\" width=\"667\" height=\"1000\" src=\"https:\/\/www.villagramas.com.br\/blog\/wp-content\/uploads\/2026\/09\/6262-1.jpg\" alt=\"Grama sint\u00e9tica em S\u00e3o Paulo: pre\u00e7o e instala\u00e7\u00e3o\" class=\"wp-image-3934\" style=\"width:356px;height:auto\" srcset=\"https:\/\/www.villagramas.com.br\/blog\/wp-content\/uploads\/2026\/09\/6262-1.jpg 667w, https:\/\/www.villagramas.com.br\/blog\/wp-content\/uploads\/2026\/09\/6262-1-200x300.jpg 200w\" sizes=\"(max-width: 667px) 100vw, 667px\" \/><\/figure>\n\n\n\n<p class=\"wp-block-paragraph\">Uma empresa especializada deve conseguir orientar a escolha do produto, considerando o ambiente real. Pergunte sobre indica\u00e7\u00e3o de uso, caracter\u00edsticas do material, prepara\u00e7\u00e3o da superf\u00edcie, m\u00e9todo de instala\u00e7\u00e3o e acabamentos inclu\u00eddos.<\/p>\n\n\n\n<p class=\"wp-block-paragraph\">Vale observar tamb\u00e9m se o or\u00e7amento apresenta claramente o que ser\u00e1 fornecido. Material e m\u00e3o de obra precisam ser analisados em conjunto para que voc\u00ea consiga comparar propostas equivalentes.<\/p>\n\n\n\n<p class=\"wp-block-paragraph\">Experi\u00eancia t\u00e9cnica faz diferen\u00e7a, principalmente em projetos com grandes metragens, formatos irregulares, playgrounds, condom\u00ednios e espa\u00e7os comerciais. Nessas situa\u00e7\u00f5es, pequenos detalhes de execu\u00e7\u00e3o se multiplicam ao longo da \u00e1rea.<\/p>\n\n\n\n<p class=\"wp-block-paragraph\">A <strong>Villa Gramas e Brinquedos<\/strong> trabalha com venda e instala\u00e7\u00e3o de gramas sint\u00e9ticas, pisos especiais e solu\u00e7\u00f5es para espa\u00e7os recreativos em S\u00e3o Paulo e regi\u00e3o. O atendimento considera as particularidades de cada projeto, desde a escolha do material at\u00e9 a execu\u00e7\u00e3o.<\/p>\n\n\n\n<ul class=\"wp-block-list\">\n<li><a href=\"https:\/\/www.villagramas.com.br\/blog\/grama-sintetica-para-garagem\/\">Grama sint\u00e9tica para garagem: qual modelo dura mais?<\/a>\u00a0<\/li>\n<\/ul>\n\n\n\n<h2 class=\"wp-block-heading\"><span class=\"ez-toc-section\" id=\"Planeje_agora_sua_grama_sintetica_em_Sao_Paulo\"><\/span><strong>Planeje agora sua grama sint\u00e9tica em S\u00e3o Paulo<\/strong><span class=\"ez-toc-section-end\"><\/span><\/h2>\n\n\n\n<p class=\"wp-block-paragraph\">Escolher <strong>grama sint\u00e9tica em S\u00e3o Paulo<\/strong> fica muito mais simples quando pre\u00e7o, produto e instala\u00e7\u00e3o s\u00e3o avaliados dentro do mesmo projeto. Medir corretamente e entender a finalidade do espa\u00e7o ajuda a chegar a uma solu\u00e7\u00e3o coerente com o ambiente.<\/p>\n\n\n\n<p class=\"wp-block-paragraph\">Tamb\u00e9m evita decis\u00f5es apressadas. Com a avalia\u00e7\u00e3o realizada antecipadamente, existe tempo para verificar a base, selecionar o modelo adequado e encaixar a instala\u00e7\u00e3o no cronograma da reforma ou da entrega do espa\u00e7o.<\/p>\n\n\n\n<p class=\"wp-block-paragraph\">Para resid\u00eancias, condom\u00ednios, empresas, escolas e \u00e1reas recreativas, essa organiza\u00e7\u00e3o facilita tanto a compra quanto a execu\u00e7\u00e3o. <strong>O resultado come\u00e7a no planejamento, antes mesmo de o primeiro rolo de grama chegar ao local.<\/strong><\/p>\n\n\n\n<p class=\"wp-block-paragraph\">Se voc\u00ea j\u00e1 pretende renovar um ambiente, vale iniciar o or\u00e7amento antes que outras etapas da obra estejam conclu\u00eddas. Assim, eventuais adequa\u00e7\u00f5es podem ser previstas com anteced\u00eancia e sem comprometer o cronograma.<\/p>\n\n\n\n<h3 class=\"wp-block-heading\"><span class=\"ez-toc-section\" id=\"Solicite_seu_orcamento_com_a_Villa_Gramas_e_Brinquedos\"><\/span><strong>Solicite seu or\u00e7amento com a Villa Gramas e Brinquedos<\/strong><span class=\"ez-toc-section-end\"><\/span><\/h3>\n\n\n\n<p class=\"wp-block-paragraph\">Quer saber <strong>quanto custa instalar grama sint\u00e9tica em S\u00e3o Paulo no seu espa\u00e7o?<\/strong> <a href=\"https:\/\/www.villagramas.com.br\/#contato\">Entre em contato com a Villa Gramas e Brinquedos e informe a metragem, o tipo de ambiente e a finalidade da \u00e1rea.<\/a><\/p>\n\n\n\n<p class=\"wp-block-paragraph\"><strong>Antecipe seu projeto e solicite uma avalia\u00e7\u00e3o para receber uma indica\u00e7\u00e3o compat\u00edvel com o espa\u00e7o e com a utiliza\u00e7\u00e3o prevista.<\/strong><\/p>\n","protected":false},"excerpt":{"rendered":"<p><span class=\"span-reading-time rt-reading-time\" style=\"display: block;\"><span class=\"rt-label rt-prefix\">Tempo de leitura:<\/span> <span class=\"rt-time\"> 6<\/span> <span class=\"rt-label rt-postfix\">minutos<\/span><\/span>Veja quanto custa grama sint\u00e9tica em S\u00e3o Paulo, o que influencia o pre\u00e7o e como funciona a instala\u00e7\u00e3o para \u00e1reas residenciais e comerciais. Quem pesquisa por grama sint\u00e9tica em S\u00e3o Paulo normalmente j\u00e1 passou da fase de inspira\u00e7\u00e3o. Existe um quintal, playground, espa\u00e7o comercial ou \u00e1rea de lazer esperando por uma solu\u00e7\u00e3o pr\u00e1tica, e agora surgem as perguntas mais importantes: quanto custa, qual modelo escolher e como ser\u00e1 feita a instala\u00e7\u00e3o? Essas respostas dependem bastante das caracter\u00edsticas do ambiente. Uma varanda pequena exige cuidados diferentes de um playground escolar, assim como uma \u00e1rea decorativa n\u00e3o recebe necessariamente o mesmo produto indicado para locais com circula\u00e7\u00e3o intensa. Por isso, antecipar a avalia\u00e7\u00e3o e o or\u00e7amento pode evitar ajustes de \u00faltima hora, principalmente quando a instala\u00e7\u00e3o faz parte de uma reforma, inaugura\u00e7\u00e3o ou revitaliza\u00e7\u00e3o com prazo definido. Quanto custa grama sint\u00e9tica em S\u00e3o Paulo? O pre\u00e7o da grama sint\u00e9tica em S\u00e3o Paulo n\u00e3o \u00e9 determinado apenas pelo valor do metro quadrado. O or\u00e7amento costuma considerar o tipo de gramado, a \u00e1rea total, as condi\u00e7\u00f5es do piso existente, recortes necess\u00e1rios e o servi\u00e7o de instala\u00e7\u00e3o. A altura dos fios, densidade, acabamento e finalidade tamb\u00e9m influenciam. Existem modelos voltados para paisagismo e decora\u00e7\u00e3o, enquanto outros s\u00e3o desenvolvidos para playgrounds, espa\u00e7os recreativos, \u00e1reas comerciais ou ambientes sujeitos a uso frequente. Outro ponto importante \u00e9 a prepara\u00e7\u00e3o da superf\u00edcie. Quando o local j\u00e1 possui contrapiso regular e adequado, o processo tende a ser mais simples. Bases desniveladas, com problemas de drenagem ou que necessitam de corre\u00e7\u00e3o podem exigir etapas adicionais. Um or\u00e7amento preciso come\u00e7a pela an\u00e1lise do espa\u00e7o e da utiliza\u00e7\u00e3o prevista. Comparar apenas o pre\u00e7o por metro quadrado pode deixar de fora justamente os itens que interferem no resultado final e na durabilidade da instala\u00e7\u00e3o. O que influencia o pre\u00e7o da grama sint\u00e9tica? A metragem \u00e9 um dos primeiros fatores considerados, mas n\u00e3o o \u00fanico. Formatos irregulares, colunas, canteiros, curvas, escadas e obst\u00e1culos podem aumentar a quantidade de recortes e demandar maior aten\u00e7\u00e3o durante a aplica\u00e7\u00e3o. A escolha do modelo tamb\u00e9m pesa no or\u00e7amento. Uma grama decorativa para uma pequena varanda possui necessidades diferentes de um revestimento utilizado diariamente por crian\u00e7as, clientes, moradores ou funcion\u00e1rios. Outro aspecto \u00e9 o acesso ao local. Instala\u00e7\u00f5es em coberturas, \u00e1reas internas, condom\u00ednios e espa\u00e7os com restri\u00e7\u00f5es para transporte de materiais podem exigir uma log\u00edstica espec\u00edfica antes mesmo de come\u00e7ar o servi\u00e7o. Entre os principais pontos avaliados est\u00e3o: Solicitar a avalia\u00e7\u00e3o antes de fechar o projeto ajuda a enxergar o custo completo, sem tomar a decis\u00e3o apenas pelo valor aparente do revestimento. Como funciona a instala\u00e7\u00e3o de grama sint\u00e9tica em S\u00e3o Paulo? A instala\u00e7\u00e3o de grama sint\u00e9tica em S\u00e3o Paulo come\u00e7a antes da coloca\u00e7\u00e3o dos rolos. Uma boa execu\u00e7\u00e3o exige medi\u00e7\u00e3o correta, an\u00e1lise da superf\u00edcie, planejamento dos encontros entre as pe\u00e7as e defini\u00e7\u00e3o dos acabamentos. A base precisa apresentar condi\u00e7\u00f5es compat\u00edveis com o sistema escolhido. Irregularidades podem aparecer no acabamento ou interferir no comportamento do piso depois de instalado. Em \u00e1reas externas, a maneira como a \u00e1gua ser\u00e1 conduzida tamb\u00e9m merece aten\u00e7\u00e3o. Depois da prepara\u00e7\u00e3o, a grama \u00e9 posicionada conforme o sentido dos fios e recortada para acompanhar paredes, canteiros, pilares e demais limites do espa\u00e7o. As jun\u00e7\u00f5es precisam ser cuidadosamente executadas para deixar o resultado visualmente uniforme. A etapa final envolve acabamentos, fixa\u00e7\u00e3o e confer\u00eancia da \u00e1rea. \u00c9 a qualidade da instala\u00e7\u00e3o que transforma o material em um piso realmente integrado ao ambiente, evitando emendas mal posicionadas, sobras ou recortes pouco precisos. Por que a prepara\u00e7\u00e3o da base faz diferen\u00e7a? Imagine instalar um revestimento novo sobre uma superf\u00edcie cheia de desn\u00edveis. Mesmo com um produto de boa qualidade, as imperfei\u00e7\u00f5es existentes podem continuar percept\u00edveis depois do servi\u00e7o. Por isso, a avalia\u00e7\u00e3o da base merece aten\u00e7\u00e3o desde o or\u00e7amento. Dependendo do projeto, pode ser necess\u00e1ria limpeza profunda, regulariza\u00e7\u00e3o ou outra prepara\u00e7\u00e3o compat\u00edvel com o local e com o sistema de instala\u00e7\u00e3o utilizado. Um memorial descritivo disponibilizado pelo Fundo Nacional de Desenvolvimento da Educa\u00e7\u00e3o, por exemplo, prev\u00ea base pavimentada para aplica\u00e7\u00e3o de grama sint\u00e9tica em determinada configura\u00e7\u00e3o de playground. Isso mostra como as caracter\u00edsticas da superf\u00edcie fazem parte do planejamento t\u00e9cnico da instala\u00e7\u00e3o. A necessidade exata deve ser analisada projeto a projeto. O pr\u00f3prio ambiente, a finalidade da \u00e1rea e as condi\u00e7\u00f5es existentes determinam quais prepara\u00e7\u00f5es dever\u00e3o ser realizadas antes da aplica\u00e7\u00e3o. Onde a grama sint\u00e9tica pode ser instalada? A procura por grama sint\u00e9tica em S\u00e3o Paulo alcan\u00e7a projetos bastante diferentes. Em resid\u00eancias, ela aparece em quintais, corredores laterais, varandas, terra\u00e7os, jardins decorativos e espa\u00e7os criados para conviv\u00eancia da fam\u00edlia. Condom\u00ednios podem utilizar o revestimento em \u00e1reas comuns, espa\u00e7os infantis e ambientes de lazer. Escolas, buffets e estabelecimentos comerciais tamb\u00e9m encontram na grama sint\u00e9tica uma alternativa para criar \u00e1reas visualmente organizadas e adequadas \u00e0 proposta de cada espa\u00e7o. Em ambientes corporativos e comerciais, o material pode fazer parte de projetos decorativos ou \u00e1reas de conviv\u00eancia. A escolha deve levar em considera\u00e7\u00e3o circula\u00e7\u00e3o, exposi\u00e7\u00e3o \u00e0s condi\u00e7\u00f5es externas e frequ\u00eancia de uso. A aplica\u00e7\u00e3o correta come\u00e7a pela finalidade do ambiente. Isso ajuda a definir altura, densidade, acabamento e caracter\u00edsticas do produto, em vez de selecionar um modelo somente pela apar\u00eancia. Grama sint\u00e9tica para playground exige aten\u00e7\u00e3o espec\u00edfica Playgrounds precisam ser analisados com cuidado porque envolvem circula\u00e7\u00e3o infantil e requisitos pr\u00f3prios de seguran\u00e7a. O tipo de piso necess\u00e1rio depende da configura\u00e7\u00e3o dos brinquedos, das alturas de queda e das caracter\u00edsticas do projeto. O Inmetro informa que a s\u00e9rie ABNT NBR 16071 re\u00fane normas relacionadas \u00e0 seguran\u00e7a de playgrounds. Entre elas est\u00e1 a NBR 16071-3, que trata dos requisitos de seguran\u00e7a para pisos absorventes de impacto. Isso significa que a especifica\u00e7\u00e3o de uma \u00e1rea infantil n\u00e3o deve ser feita apenas pela apar\u00eancia da grama. \u00c9 necess\u00e1rio considerar o projeto completo e verificar quais requisitos t\u00e9cnicos s\u00e3o aplic\u00e1veis ao ambiente. O Minist\u00e9rio do Esporte tamb\u00e9m prev\u00ea campos society com grama sint\u00e9tica dentro da composi\u00e7\u00e3o de seus Espa\u00e7os Esportivos Comunit\u00e1rios, evidenciando como esse tipo de superf\u00edcie pode atender projetos recreativos e esportivos quando corretamente especificado. Vale a pena instalar grama sint\u00e9tica? Para quem deseja uma superf\u00edcie<\/p>\n","protected":false},"author":1,"featured_media":3933,"comment_status":"open","ping_status":"open","sticky":false,"template":"","format":"standard","meta":{"footnotes":""},"categories":[1960],"tags":[4570,4576,4581,4583,2742,4579,2205,4564,2209,4568,4567,2210,2747,2228,2751,2748,2744,2745,2746,2213,2212,2749,4266,4267,2215,2223,2220,2218,2227,4269,2222,4268,2750,2208,2693,3502,2014,4566,2724,4244,2214,4580,4578,2976,2211,3157,2216,2426,4572,2996,4565,4571,2696,4569,4563,4195,4577,4574,4573,4575,4582,4584,3631],"class_list":["post-3932","post","type-post","status-publish","format-standard","has-post-thumbnail","hentry","category-grama-sintetica","tag-colocacao-de-grama-sintetica-em-sao-paulo","tag-como-e-feita-a-instalacao-de-grama-sintetica","tag-como-escolher-grama-sintetica-para-area-externa","tag-como-pedir-orcamento-de-grama-sintetica","tag-distribuidor-de-grama-sintetica","tag-e-preciso-preparar-o-piso-para-instalar-grama-sintetica","tag-empresa-de-grama-sintetica","tag-empresa-de-grama-sintetica-em-sao-paulo","tag-fornecedor-de-grama-sintetica","tag-grama-artificial-em-sao-paulo","tag-grama-sintetica-comercial-em-sao-paulo","tag-grama-sintetica-comprar","tag-grama-sintetica-em-diadema","tag-grama-sintetica-em-guarulhos","tag-grama-sintetica-em-maua","tag-grama-sintetica-em-osasco","tag-grama-sintetica-em-santo-andre","tag-grama-sintetica-em-sao-bernardo","tag-grama-sintetica-em-sao-caetano","tag-grama-sintetica-em-sao-paulo","tag-grama-sintetica-em-sp","tag-grama-sintetica-na-baixada-santista","tag-grama-sintetica-na-grande-sao-paulo","tag-grama-sintetica-na-regiao-metropolitana","tag-grama-sintetica-na-zona-leste","tag-grama-sintetica-na-zona-norte","tag-grama-sintetica-na-zona-oeste","tag-grama-sintetica-na-zona-sul","tag-grama-sintetica-no-abc","tag-grama-sintetica-no-abcd","tag-grama-sintetica-no-centro","tag-grama-sintetica-no-grande-abc","tag-grama-sintetica-no-litoral-paulista","tag-grama-sintetica-onde-encontrar","tag-grama-sintetica-para-area-de-lazer","tag-grama-sintetica-para-condominio","tag-grama-sintetica-para-escolas","tag-grama-sintetica-para-playground-em-sao-paulo","tag-grama-sintetica-para-quintal-em-sao-paulo","tag-grama-sintetica-para-varanda-em-sao-paulo","tag-grama-sintetica-perto-de-mim","tag-grama-sintetica-pode-pegar-chuva","tag-grama-sintetica-pode-ser-instalada-em-varanda","tag-grama-sintetica-precisa-de-manutencao-2","tag-grama-sintetica-preco","tag-grama-sintetica-preco-por-m","tag-grama-sintetica-proximo-a-mim","tag-grama-sintetica-residencial-em-sao-paulo","tag-gramado-sintetico-para-area-externa","tag-instalacao-de-grama-sintetica-em-sao-paulo","tag-instalacao-de-grama-sintetica-preco","tag-instalador-de-grama-sintetica-em-sao-paulo","tag-onde-comprar-grama-sintetica-em-sao-paulo","tag-orcamento-de-grama-sintetica-em-sao-paulo","tag-preco-de-grama-sintetica-em-sao-paulo","tag-qual-a-melhor-grama-sintetica-para-quintal","tag-qual-grama-sintetica-usar-em-playground","tag-qual-o-preco-do-metro-quadrado-da-grama-sintetica","tag-quanto-custa-grama-sintetica-em-sao-paulo","tag-quanto-custa-instalar-grama-sintetica-em-sao-paulo","tag-quanto-tempo-demora-para-instalar-grama-sintetica","tag-vale-a-pena-colocar-grama-sintetica-em-casa","tag-venda-e-instalacao-de-grama-sintetica"],"yoast_head":"<!-- This site is optimized with the Yoast SEO plugin v26.0 - https:\/\/yoast.com\/wordpress\/plugins\/seo\/ -->\n<title>Grama sint\u00e9tica em S\u00e3o Paulo: pre\u00e7o e instala\u00e7\u00e3o - Blog<\/title>\n<meta name=\"description\" content=\"Veja quanto custa grama sint\u00e9tica em S\u00e3o Paulo, o que influencia o pre\u00e7o e como funciona a instala\u00e7\u00e3o para \u00e1reas residenciais e comerciais.\" \/>\n<meta name=\"robots\" content=\"index, follow, max-snippet:-1, max-image-preview:large, max-video-preview:-1\" \/>\n<link rel=\"canonical\" href=\"https:\/\/www.villagramas.com.br\/blog\/grama-sintetica-em-sao-paulo\/\" \/>\n<meta property=\"og:locale\" content=\"pt_BR\" \/>\n<meta property=\"og:type\" content=\"article\" \/>\n<meta property=\"og:title\" content=\"Grama sint\u00e9tica em S\u00e3o Paulo: pre\u00e7o e instala\u00e7\u00e3o - Blog\" \/>\n<meta property=\"og:description\" content=\"Veja quanto custa grama sint\u00e9tica em S\u00e3o Paulo, o que influencia o pre\u00e7o e como funciona a instala\u00e7\u00e3o para \u00e1reas residenciais e comerciais.\" \/>\n<meta property=\"og:url\" content=\"https:\/\/www.villagramas.com.br\/blog\/grama-sintetica-em-sao-paulo\/\" \/>\n<meta property=\"og:site_name\" content=\"Blog\" \/>\n<meta property=\"article:published_time\" content=\"2026-09-01T12:22:19+00:00\" \/>\n<meta property=\"article:modified_time\" content=\"2026-09-01T12:33:03+00:00\" \/>\n<meta property=\"og:image\" content=\"https:\/\/www.villagramas.com.br\/blog\/wp-content\/uploads\/2026\/09\/2379.jpg\" \/>\n\t<meta property=\"og:image:width\" content=\"1000\" \/>\n\t<meta property=\"og:image:height\" content=\"667\" \/>\n\t<meta property=\"og:image:type\" content=\"image\/jpeg\" \/>\n<meta name=\"author\" content=\"admin\" \/>\n<meta name=\"twitter:card\" content=\"summary_large_image\" \/>\n<meta name=\"twitter:label1\" content=\"Escrito por\" \/>\n\t<meta name=\"twitter:data1\" content=\"admin\" \/>\n\t<meta name=\"twitter:label2\" content=\"Est. tempo de leitura\" \/>\n\t<meta name=\"twitter:data2\" content=\"10 minutos\" \/>\n<script type=\"application\/ld+json\" class=\"yoast-schema-graph\">{\"@context\":\"https:\/\/schema.org\",\"@graph\":[{\"@type\":\"Article\",\"@id\":\"https:\/\/www.villagramas.com.br\/blog\/grama-sintetica-em-sao-paulo\/#article\",\"isPartOf\":{\"@id\":\"https:\/\/www.villagramas.com.br\/blog\/grama-sintetica-em-sao-paulo\/\"},\"author\":{\"name\":\"admin\",\"@id\":\"https:\/\/www.villagramas.com.br\/blog\/#\/schema\/person\/1c71c9cc2e4ef99657d780b38372997b\"},\"headline\":\"Grama sint\u00e9tica em S\u00e3o Paulo: pre\u00e7o e instala\u00e7\u00e3o\",\"datePublished\":\"2026-09-01T12:22:19+00:00\",\"dateModified\":\"2026-09-01T12:33:03+00:00\",\"mainEntityOfPage\":{\"@id\":\"https:\/\/www.villagramas.com.br\/blog\/grama-sintetica-em-sao-paulo\/\"},\"wordCount\":1974,\"commentCount\":0,\"publisher\":{\"@id\":\"https:\/\/www.villagramas.com.br\/blog\/#organization\"},\"image\":{\"@id\":\"https:\/\/www.villagramas.com.br\/blog\/grama-sintetica-em-sao-paulo\/#primaryimage\"},\"thumbnailUrl\":\"https:\/\/www.villagramas.com.br\/blog\/wp-content\/uploads\/2026\/09\/2379.jpg\",\"keywords\":[\"coloca\u00e7\u00e3o de grama sint\u00e9tica em S\u00e3o Paulo\",\"como \u00e9 feita a instala\u00e7\u00e3o de grama sint\u00e9tica?\",\"como escolher grama sint\u00e9tica para \u00e1rea externa?\",\"como pedir or\u00e7amento de grama sint\u00e9tica?\",\"distribuidor de grama sint\u00e9tica\",\"\u00e9 preciso preparar o piso para instalar grama sint\u00e9tica?\",\"empresa de grama sint\u00e9tica\",\"empresa de grama sint\u00e9tica em S\u00e3o Paulo\",\"fornecedor de grama sint\u00e9tica\",\"grama artificial em S\u00e3o Paulo\",\"grama sint\u00e9tica comercial em S\u00e3o Paulo\",\"grama sint\u00e9tica comprar\",\"grama sint\u00e9tica em Diadema\",\"grama sint\u00e9tica em Guarulhos\",\"grama sint\u00e9tica em Mau\u00e1\",\"grama sint\u00e9tica em Osasco\",\"grama sint\u00e9tica em Santo Andr\u00e9\",\"grama sint\u00e9tica em S\u00e3o Bernardo\",\"grama sint\u00e9tica em S\u00e3o Caetano\",\"grama sint\u00e9tica em s\u00e3o paulo\",\"grama sint\u00e9tica em sp\",\"grama sint\u00e9tica na baixada santista\",\"grama sint\u00e9tica na grande S\u00e3o Paulo\",\"grama sint\u00e9tica na Regi\u00e3o Metropolitana\",\"grama sint\u00e9tica na zona leste\",\"grama sint\u00e9tica na zona norte\",\"grama sint\u00e9tica na zona oeste\",\"grama sint\u00e9tica na zona sul\",\"grama sint\u00e9tica no ABC\",\"grama sint\u00e9tica no ABCD\",\"grama sint\u00e9tica no centro\",\"grama sint\u00e9tica no grande ABC\",\"grama sint\u00e9tica no litoral paulista\",\"grama sint\u00e9tica onde encontrar\",\"grama sint\u00e9tica para \u00e1rea de lazer\",\"grama sint\u00e9tica para condom\u00ednio\",\"grama sint\u00e9tica para escolas\",\"grama sint\u00e9tica para playground em S\u00e3o Paulo\",\"grama sint\u00e9tica para quintal em s\u00e3o paulo\",\"grama sint\u00e9tica para varanda em s\u00e3o paulo\",\"grama sint\u00e9tica perto de mim\",\"grama sint\u00e9tica pode pegar chuva?\",\"grama sint\u00e9tica pode ser instalada em varanda?\",\"grama sint\u00e9tica precisa de manuten\u00e7\u00e3o?\",\"grama sint\u00e9tica pre\u00e7o\",\"grama sint\u00e9tica pre\u00e7o por m\u00b2\",\"grama sint\u00e9tica pr\u00f3ximo a mim\",\"grama sint\u00e9tica residencial em s\u00e3o paulo\",\"gramado sint\u00e9tico para \u00e1rea externa\",\"instala\u00e7\u00e3o de grama sint\u00e9tica em S\u00e3o Paulo\",\"instala\u00e7\u00e3o de grama sint\u00e9tica pre\u00e7o\",\"instalador de grama sint\u00e9tica em S\u00e3o Paulo\",\"onde comprar grama sint\u00e9tica em S\u00e3o Paulo?\",\"or\u00e7amento de grama sint\u00e9tica em S\u00e3o Paulo\",\"pre\u00e7o de grama sint\u00e9tica em S\u00e3o Paulo\",\"qual a melhor grama sint\u00e9tica para quintal\",\"qual grama sint\u00e9tica usar em playground?\",\"qual o pre\u00e7o do metro quadrado da grama sint\u00e9tica?\",\"quanto custa grama sint\u00e9tica em S\u00e3o Paulo?\",\"quanto custa instalar grama sint\u00e9tica em S\u00e3o Paulo?\",\"quanto tempo demora para instalar grama sint\u00e9tica?\",\"vale a pena colocar grama sint\u00e9tica em casa?\",\"venda e instala\u00e7\u00e3o de grama sint\u00e9tica\"],\"articleSection\":[\"grama sint\u00e9tica\"],\"inLanguage\":\"pt-BR\",\"potentialAction\":[{\"@type\":\"CommentAction\",\"name\":\"Comment\",\"target\":[\"https:\/\/www.villagramas.com.br\/blog\/grama-sintetica-em-sao-paulo\/#respond\"]}]},{\"@type\":\"WebPage\",\"@id\":\"https:\/\/www.villagramas.com.br\/blog\/grama-sintetica-em-sao-paulo\/\",\"url\":\"https:\/\/www.villagramas.com.br\/blog\/grama-sintetica-em-sao-paulo\/\",\"name\":\"Grama sint\u00e9tica em S\u00e3o Paulo: pre\u00e7o e instala\u00e7\u00e3o - Blog\",\"isPartOf\":{\"@id\":\"https:\/\/www.villagramas.com.br\/blog\/#website\"},\"primaryImageOfPage\":{\"@id\":\"https:\/\/www.villagramas.com.br\/blog\/grama-sintetica-em-sao-paulo\/#primaryimage\"},\"image\":{\"@id\":\"https:\/\/www.villagramas.com.br\/blog\/grama-sintetica-em-sao-paulo\/#primaryimage\"},\"thumbnailUrl\":\"https:\/\/www.villagramas.com.br\/blog\/wp-content\/uploads\/2026\/09\/2379.jpg\",\"datePublished\":\"2026-09-01T12:22:19+00:00\",\"dateModified\":\"2026-09-01T12:33:03+00:00\",\"description\":\"Veja quanto custa grama sint\u00e9tica em S\u00e3o Paulo, o que influencia o pre\u00e7o e como funciona a instala\u00e7\u00e3o para \u00e1reas residenciais e comerciais.\",\"breadcrumb\":{\"@id\":\"https:\/\/www.villagramas.com.br\/blog\/grama-sintetica-em-sao-paulo\/#breadcrumb\"},\"inLanguage\":\"pt-BR\",\"potentialAction\":[{\"@type\":\"ReadAction\",\"target\":[\"https:\/\/www.villagramas.com.br\/blog\/grama-sintetica-em-sao-paulo\/\"]}]},{\"@type\":\"ImageObject\",\"inLanguage\":\"pt-BR\",\"@id\":\"https:\/\/www.villagramas.com.br\/blog\/grama-sintetica-em-sao-paulo\/#primaryimage\",\"url\":\"https:\/\/www.villagramas.com.br\/blog\/wp-content\/uploads\/2026\/09\/2379.jpg\",\"contentUrl\":\"https:\/\/www.villagramas.com.br\/blog\/wp-content\/uploads\/2026\/09\/2379.jpg\",\"width\":1000,\"height\":667,\"caption\":\"Grama sint\u00e9tica em S\u00e3o Paulo: pre\u00e7o e instala\u00e7\u00e3o\"},{\"@type\":\"BreadcrumbList\",\"@id\":\"https:\/\/www.villagramas.com.br\/blog\/grama-sintetica-em-sao-paulo\/#breadcrumb\",\"itemListElement\":[{\"@type\":\"ListItem\",\"position\":1,\"name\":\"In\u00edcio\",\"item\":\"https:\/\/www.villagramas.com.br\/blog\/\"},{\"@type\":\"ListItem\",\"position\":2,\"name\":\"Grama sint\u00e9tica em S\u00e3o Paulo: pre\u00e7o e instala\u00e7\u00e3o\"}]},{\"@type\":\"WebSite\",\"@id\":\"https:\/\/www.villagramas.com.br\/blog\/#website\",\"url\":\"https:\/\/www.villagramas.com.br\/blog\/\",\"name\":\"Blog\",\"description\":\"\",\"publisher\":{\"@id\":\"https:\/\/www.villagramas.com.br\/blog\/#organization\"},\"potentialAction\":[{\"@type\":\"SearchAction\",\"target\":{\"@type\":\"EntryPoint\",\"urlTemplate\":\"https:\/\/www.villagramas.com.br\/blog\/?s={search_term_string}\"},\"query-input\":{\"@type\":\"PropertyValueSpecification\",\"valueRequired\":true,\"valueName\":\"search_term_string\"}}],\"inLanguage\":\"pt-BR\"},{\"@type\":\"Organization\",\"@id\":\"https:\/\/www.villagramas.com.br\/blog\/#organization\",\"name\":\"Blog\",\"url\":\"https:\/\/www.villagramas.com.br\/blog\/\",\"logo\":{\"@type\":\"ImageObject\",\"inLanguage\":\"pt-BR\",\"@id\":\"https:\/\/www.villagramas.com.br\/blog\/#\/schema\/logo\/image\/\",\"url\":\"https:\/\/www.villagramas.com.br\/blog\/wp-content\/uploads\/2025\/04\/logo-1.webp\",\"contentUrl\":\"https:\/\/www.villagramas.com.br\/blog\/wp-content\/uploads\/2025\/04\/logo-1.webp\",\"width\":131,\"height\":116,\"caption\":\"Blog\"},\"image\":{\"@id\":\"https:\/\/www.villagramas.com.br\/blog\/#\/schema\/logo\/image\/\"}},{\"@type\":\"Person\",\"@id\":\"https:\/\/www.villagramas.com.br\/blog\/#\/schema\/person\/1c71c9cc2e4ef99657d780b38372997b\",\"name\":\"admin\",\"image\":{\"@type\":\"ImageObject\",\"inLanguage\":\"pt-BR\",\"@id\":\"https:\/\/www.villagramas.com.br\/blog\/#\/schema\/person\/image\/\",\"url\":\"https:\/\/secure.gravatar.com\/avatar\/d2abb7e535a7590a6f9b76c75c90ec5441db3a04a205e6d66ecabfb80081f172?s=96&d=mm&r=g\",\"contentUrl\":\"https:\/\/secure.gravatar.com\/avatar\/d2abb7e535a7590a6f9b76c75c90ec5441db3a04a205e6d66ecabfb80081f172?s=96&d=mm&r=g\",\"caption\":\"admin\"},\"sameAs\":[\"https:\/\/villagramas.com.br\/blog\"],\"url\":\"https:\/\/www.villagramas.com.br\/blog\/author\/admin\/\"}]}<\/script>\n<!-- \/ Yoast SEO plugin. -->","yoast_head_json":{"title":"Grama sint\u00e9tica em S\u00e3o Paulo: pre\u00e7o e instala\u00e7\u00e3o - Blog","description":"Veja quanto custa grama sint\u00e9tica em S\u00e3o Paulo, o que influencia o pre\u00e7o e como funciona a instala\u00e7\u00e3o para \u00e1reas residenciais e comerciais.","robots":{"index":"index","follow":"follow","max-snippet":"max-snippet:-1","max-image-preview":"max-image-preview:large","max-video-preview":"max-video-preview:-1"},"canonical":"https:\/\/www.villagramas.com.br\/blog\/grama-sintetica-em-sao-paulo\/","og_locale":"pt_BR","og_type":"article","og_title":"Grama sint\u00e9tica em S\u00e3o Paulo: pre\u00e7o e instala\u00e7\u00e3o - Blog","og_description":"Veja quanto custa grama sint\u00e9tica em S\u00e3o Paulo, o que influencia o pre\u00e7o e como funciona a instala\u00e7\u00e3o para \u00e1reas residenciais e comerciais.","og_url":"https:\/\/www.villagramas.com.br\/blog\/grama-sintetica-em-sao-paulo\/","og_site_name":"Blog","article_published_time":"2026-09-01T12:22:19+00:00","article_modified_time":"2026-09-01T12:33:03+00:00","og_image":[{"width":1000,"height":667,"url":"https:\/\/www.villagramas.com.br\/blog\/wp-content\/uploads\/2026\/09\/2379.jpg","type":"image\/jpeg"}],"author":"admin","twitter_card":"summary_large_image","twitter_misc":{"Escrito por":"admin","Est. tempo de leitura":"10 minutos"},"schema":{"@context":"https:\/\/schema.org","@graph":[{"@type":"Article","@id":"https:\/\/www.villagramas.com.br\/blog\/grama-sintetica-em-sao-paulo\/#article","isPartOf":{"@id":"https:\/\/www.villagramas.com.br\/blog\/grama-sintetica-em-sao-paulo\/"},"author":{"name":"admin","@id":"https:\/\/www.villagramas.com.br\/blog\/#\/schema\/person\/1c71c9cc2e4ef99657d780b38372997b"},"headline":"Grama sint\u00e9tica em S\u00e3o Paulo: pre\u00e7o e instala\u00e7\u00e3o","datePublished":"2026-09-01T12:22:19+00:00","dateModified":"2026-09-01T12:33:03+00:00","mainEntityOfPage":{"@id":"https:\/\/www.villagramas.com.br\/blog\/grama-sintetica-em-sao-paulo\/"},"wordCount":1974,"commentCount":0,"publisher":{"@id":"https:\/\/www.villagramas.com.br\/blog\/#organization"},"image":{"@id":"https:\/\/www.villagramas.com.br\/blog\/grama-sintetica-em-sao-paulo\/#primaryimage"},"thumbnailUrl":"https:\/\/www.villagramas.com.br\/blog\/wp-content\/uploads\/2026\/09\/2379.jpg","keywords":["coloca\u00e7\u00e3o de grama sint\u00e9tica em S\u00e3o Paulo","como \u00e9 feita a instala\u00e7\u00e3o de grama sint\u00e9tica?","como escolher grama sint\u00e9tica para \u00e1rea externa?","como pedir or\u00e7amento de grama sint\u00e9tica?","distribuidor de grama sint\u00e9tica","\u00e9 preciso preparar o piso para instalar grama sint\u00e9tica?","empresa de grama sint\u00e9tica","empresa de grama sint\u00e9tica em S\u00e3o Paulo","fornecedor de grama sint\u00e9tica","grama artificial em S\u00e3o Paulo","grama sint\u00e9tica comercial em S\u00e3o Paulo","grama sint\u00e9tica comprar","grama sint\u00e9tica em Diadema","grama sint\u00e9tica em Guarulhos","grama sint\u00e9tica em Mau\u00e1","grama sint\u00e9tica em Osasco","grama sint\u00e9tica em Santo Andr\u00e9","grama sint\u00e9tica em S\u00e3o Bernardo","grama sint\u00e9tica em S\u00e3o Caetano","grama sint\u00e9tica em s\u00e3o paulo","grama sint\u00e9tica em sp","grama sint\u00e9tica na baixada santista","grama sint\u00e9tica na grande S\u00e3o Paulo","grama sint\u00e9tica na Regi\u00e3o Metropolitana","grama sint\u00e9tica na zona leste","grama sint\u00e9tica na zona norte","grama sint\u00e9tica na zona oeste","grama sint\u00e9tica na zona sul","grama sint\u00e9tica no ABC","grama sint\u00e9tica no ABCD","grama sint\u00e9tica no centro","grama sint\u00e9tica no grande ABC","grama sint\u00e9tica no litoral paulista","grama sint\u00e9tica onde encontrar","grama sint\u00e9tica para \u00e1rea de lazer","grama sint\u00e9tica para condom\u00ednio","grama sint\u00e9tica para escolas","grama sint\u00e9tica para playground em S\u00e3o Paulo","grama sint\u00e9tica para quintal em s\u00e3o paulo","grama sint\u00e9tica para varanda em s\u00e3o paulo","grama sint\u00e9tica perto de mim","grama sint\u00e9tica pode pegar chuva?","grama sint\u00e9tica pode ser instalada em varanda?","grama sint\u00e9tica precisa de manuten\u00e7\u00e3o?","grama sint\u00e9tica pre\u00e7o","grama sint\u00e9tica pre\u00e7o por m\u00b2","grama sint\u00e9tica pr\u00f3ximo a mim","grama sint\u00e9tica residencial em s\u00e3o paulo","gramado sint\u00e9tico para \u00e1rea externa","instala\u00e7\u00e3o de grama sint\u00e9tica em S\u00e3o Paulo","instala\u00e7\u00e3o de grama sint\u00e9tica pre\u00e7o","instalador de grama sint\u00e9tica em S\u00e3o Paulo","onde comprar grama sint\u00e9tica em S\u00e3o Paulo?","or\u00e7amento de grama sint\u00e9tica em S\u00e3o Paulo","pre\u00e7o de grama sint\u00e9tica em S\u00e3o Paulo","qual a melhor grama sint\u00e9tica para quintal","qual grama sint\u00e9tica usar em playground?","qual o pre\u00e7o do metro quadrado da grama sint\u00e9tica?","quanto custa grama sint\u00e9tica em S\u00e3o Paulo?","quanto custa instalar grama sint\u00e9tica em S\u00e3o Paulo?","quanto tempo demora para instalar grama sint\u00e9tica?","vale a pena colocar grama sint\u00e9tica em casa?","venda e instala\u00e7\u00e3o de grama sint\u00e9tica"],"articleSection":["grama sint\u00e9tica"],"inLanguage":"pt-BR","potentialAction":[{"@type":"CommentAction","name":"Comment","target":["https:\/\/www.villagramas.com.br\/blog\/grama-sintetica-em-sao-paulo\/#respond"]}]},{"@type":"WebPage","@id":"https:\/\/www.villagramas.com.br\/blog\/grama-sintetica-em-sao-paulo\/","url":"https:\/\/www.villagramas.com.br\/blog\/grama-sintetica-em-sao-paulo\/","name":"Grama sint\u00e9tica em S\u00e3o Paulo: pre\u00e7o e instala\u00e7\u00e3o - Blog","isPartOf":{"@id":"https:\/\/www.villagramas.com.br\/blog\/#website"},"primaryImageOfPage":{"@id":"https:\/\/www.villagramas.com.br\/blog\/grama-sintetica-em-sao-paulo\/#primaryimage"},"image":{"@id":"https:\/\/www.villagramas.com.br\/blog\/grama-sintetica-em-sao-paulo\/#primaryimage"},"thumbnailUrl":"https:\/\/www.villagramas.com.br\/blog\/wp-content\/uploads\/2026\/09\/2379.jpg","datePublished":"2026-09-01T12:22:19+00:00","dateModified":"2026-09-01T12:33:03+00:00","description":"Veja quanto custa grama sint\u00e9tica em S\u00e3o Paulo, o que influencia o pre\u00e7o e como funciona a instala\u00e7\u00e3o para \u00e1reas residenciais e comerciais.","breadcrumb":{"@id":"https:\/\/www.villagramas.com.br\/blog\/grama-sintetica-em-sao-paulo\/#breadcrumb"},"inLanguage":"pt-BR","potentialAction":[{"@type":"ReadAction","target":["https:\/\/www.villagramas.com.br\/blog\/grama-sintetica-em-sao-paulo\/"]}]},{"@type":"ImageObject","inLanguage":"pt-BR","@id":"https:\/\/www.villagramas.com.br\/blog\/grama-sintetica-em-sao-paulo\/#primaryimage","url":"https:\/\/www.villagramas.com.br\/blog\/wp-content\/uploads\/2026\/09\/2379.jpg","contentUrl":"https:\/\/www.villagramas.com.br\/blog\/wp-content\/uploads\/2026\/09\/2379.jpg","width":1000,"height":667,"caption":"Grama sint\u00e9tica em S\u00e3o Paulo: pre\u00e7o e instala\u00e7\u00e3o"},{"@type":"BreadcrumbList","@id":"https:\/\/www.villagramas.com.br\/blog\/grama-sintetica-em-sao-paulo\/#breadcrumb","itemListElement":[{"@type":"ListItem","position":1,"name":"In\u00edcio","item":"https:\/\/www.villagramas.com.br\/blog\/"},{"@type":"ListItem","position":2,"name":"Grama sint\u00e9tica em S\u00e3o Paulo: pre\u00e7o e instala\u00e7\u00e3o"}]},{"@type":"WebSite","@id":"https:\/\/www.villagramas.com.br\/blog\/#website","url":"https:\/\/www.villagramas.com.br\/blog\/","name":"Blog","description":"","publisher":{"@id":"https:\/\/www.villagramas.com.br\/blog\/#organization"},"potentialAction":[{"@type":"SearchAction","target":{"@type":"EntryPoint","urlTemplate":"https:\/\/www.villagramas.com.br\/blog\/?s={search_term_string}"},"query-input":{"@type":"PropertyValueSpecification","valueRequired":true,"valueName":"search_term_string"}}],"inLanguage":"pt-BR"},{"@type":"Organization","@id":"https:\/\/www.villagramas.com.br\/blog\/#organization","name":"Blog","url":"https:\/\/www.villagramas.com.br\/blog\/","logo":{"@type":"ImageObject","inLanguage":"pt-BR","@id":"https:\/\/www.villagramas.com.br\/blog\/#\/schema\/logo\/image\/","url":"https:\/\/www.villagramas.com.br\/blog\/wp-content\/uploads\/2025\/04\/logo-1.webp","contentUrl":"https:\/\/www.villagramas.com.br\/blog\/wp-content\/uploads\/2025\/04\/logo-1.webp","width":131,"height":116,"caption":"Blog"},"image":{"@id":"https:\/\/www.villagramas.com.br\/blog\/#\/schema\/logo\/image\/"}},{"@type":"Person","@id":"https:\/\/www.villagramas.com.br\/blog\/#\/schema\/person\/1c71c9cc2e4ef99657d780b38372997b","name":"admin","image":{"@type":"ImageObject","inLanguage":"pt-BR","@id":"https:\/\/www.villagramas.com.br\/blog\/#\/schema\/person\/image\/","url":"https:\/\/secure.gravatar.com\/avatar\/d2abb7e535a7590a6f9b76c75c90ec5441db3a04a205e6d66ecabfb80081f172?s=96&d=mm&r=g","contentUrl":"https:\/\/secure.gravatar.com\/avatar\/d2abb7e535a7590a6f9b76c75c90ec5441db3a04a205e6d66ecabfb80081f172?s=96&d=mm&r=g","caption":"admin"},"sameAs":["https:\/\/villagramas.com.br\/blog"],"url":"https:\/\/www.villagramas.com.br\/blog\/author\/admin\/"}]}},"_links":{"self":[{"href":"https:\/\/www.villagramas.com.br\/blog\/wp-json\/wp\/v2\/posts\/3932","targetHints":{"allow":["GET"]}}],"collection":[{"href":"https:\/\/www.villagramas.com.br\/blog\/wp-json\/wp\/v2\/posts"}],"about":[{"href":"https:\/\/www.villagramas.com.br\/blog\/wp-json\/wp\/v2\/types\/post"}],"author":[{"embeddable":true,"href":"https:\/\/www.villagramas.com.br\/blog\/wp-json\/wp\/v2\/users\/1"}],"replies":[{"embeddable":true,"href":"https:\/\/www.villagramas.com.br\/blog\/wp-json\/wp\/v2\/comments?post=3932"}],"version-history":[{"count":1,"href":"https:\/\/www.villagramas.com.br\/blog\/wp-json\/wp\/v2\/posts\/3932\/revisions"}],"predecessor-version":[{"id":3935,"href":"https:\/\/www.villagramas.com.br\/blog\/wp-json\/wp\/v2\/posts\/3932\/revisions\/3935"}],"wp:featuredmedia":[{"embeddable":true,"href":"https:\/\/www.villagramas.com.br\/blog\/wp-json\/wp\/v2\/media\/3933"}],"wp:attachment":[{"href":"https:\/\/www.villagramas.com.br\/blog\/wp-json\/wp\/v2\/media?parent=3932"}],"wp:term":[{"taxonomy":"category","embeddable":true,"href":"https:\/\/www.villagramas.com.br\/blog\/wp-json\/wp\/v2\/categories?post=3932"},{"taxonomy":"post_tag","embeddable":true,"href":"https:\/\/www.villagramas.com.br\/blog\/wp-json\/wp\/v2\/tags?post=3932"}],"curies":[{"name":"wp","href":"https:\/\/api.w.org\/{rel}","templated":true}]}}